{"id":2258,"date":"2011-03-30T13:00:09","date_gmt":"2011-03-30T11:00:09","guid":{"rendered":"http:\/\/fabregaspere.com\/blog2\/?p=2258"},"modified":"2024-08-10T18:11:39","modified_gmt":"2024-08-10T16:11:39","slug":"publicaciones-la-energia-de-los-vegetales-2","status":"publish","type":"post","link":"https:\/\/fabregaspere.com\/blog2\/2011\/03\/30\/publicaciones-la-energia-de-los-vegetales-2\/","title":{"rendered":"[ENTREVISTA RADIO] La energ\u00eda de los vegetales [Onda Cero Rioja][2011.03.30]"},"content":{"rendered":"<p><span style=\"text-decoration: underline;\"><span style=\"font-family: verdana, geneva, sans-serif; font-size: 14px;\"><strong><a href=\"https:\/\/fabregaspere.com\/blog2\/wp-content\/uploads\/2008\/09\/Logotipo-Onda-Cero.jpg\"><img loading=\"lazy\" decoding=\"async\" class=\"wp-image-14016 size-medium aligncenter\" src=\"https:\/\/fabregaspere.com\/blog2\/wp-content\/uploads\/2008\/09\/Logotipo-Onda-Cero-300x218.jpg\" alt=\"\" width=\"300\" height=\"218\" srcset=\"https:\/\/fabregaspere.com\/blog2\/wp-content\/uploads\/2008\/09\/Logotipo-Onda-Cero-300x218.jpg 300w, https:\/\/fabregaspere.com\/blog2\/wp-content\/uploads\/2008\/09\/Logotipo-Onda-Cero-1024x743.jpg 1024w, https:\/\/fabregaspere.com\/blog2\/wp-content\/uploads\/2008\/09\/Logotipo-Onda-Cero-150x109.jpg 150w, https:\/\/fabregaspere.com\/blog2\/wp-content\/uploads\/2008\/09\/Logotipo-Onda-Cero-768x557.jpg 768w, https:\/\/fabregaspere.com\/blog2\/wp-content\/uploads\/2008\/09\/Logotipo-Onda-Cero-1536x1115.jpg 1536w, https:\/\/fabregaspere.com\/blog2\/wp-content\/uploads\/2008\/09\/Logotipo-Onda-Cero-2048x1486.jpg 2048w\" sizes=\"auto, (max-width: 300px) 100vw, 300px\" \/><\/a><\/strong><\/span><\/span><\/p>\n<p><span style=\"text-decoration: underline;\"><span style=\"font-family: verdana, geneva, sans-serif; font-size: 14px;\"><strong>Medio ambiente [2011.03.30]<\/strong><\/span><\/span><\/p>\n<p><span style=\"font-family: verdana, geneva, sans-serif; font-size: 14px;\"><strong>Entrevista con Pere-A. F\u00e0bregas (2011): <em>La energ\u00eda de los vegetales<\/em><\/strong><\/span><\/p>\n<p><span style=\"font-family: verdana, geneva, sans-serif; font-size: 14px;\"><strong>Onda Cero Rioja (30 marzo 2011) Logro\u00f1o<\/strong><\/span><br \/>\n<span style=\"font-family: verdana, geneva, sans-serif; font-size: 14px;\"><strong>Programa: La Rioja en la Onda<\/strong><\/span><br \/>\n<span style=\"font-family: verdana, geneva, sans-serif; font-size: 14px;\"><strong>Emisi\u00f3n: Directo 13 h<\/strong><\/span><\/p>\n<!--[if lt IE 9]><script>document.createElement('audio');<\/script><![endif]-->\n<audio class=\"wp-audio-shortcode\" id=\"audio-2258-1\" preload=\"none\" style=\"width: 100%;\" controls=\"controls\"><source type=\"audio\/mpeg\" src=\"https:\/\/fabregaspere.com\/blog2\/wp-content\/uploads\/2024\/08\/2011.03.30.MA_.Onda-Cero-Rioja.Logrono.mp3?_=1\" \/><a href=\"https:\/\/fabregaspere.com\/blog2\/wp-content\/uploads\/2024\/08\/2011.03.30.MA_.Onda-Cero-Rioja.Logrono.mp3\">https:\/\/fabregaspere.com\/blog2\/wp-content\/uploads\/2024\/08\/2011.03.30.MA_.Onda-Cero-Rioja.Logrono.mp3<\/a><\/audio>\n","protected":false},"excerpt":{"rendered":"<p>Medio ambiente [2011.03.30] Entrevista con Pere-A. F\u00e0bregas (2011): La energ\u00eda de los vegetales Onda Cero Rioja (30 marzo 2011) Logro\u00f1o Programa: La Rioja en la Onda Emisi\u00f3n: Directo 13 h<\/p>\n","protected":false},"author":3,"featured_media":0,"comment_status":"closed","ping_status":"open","sticky":false,"template":"","format":"aside","meta":{"footnotes":""},"categories":[18,35,139],"tags":[88],"class_list":["post-2258","post","type-post","status-publish","format-aside","hentry","category-15-entrevista-audio","category-04-medio-ambiente","category-02-espanol","tag-logrono","post_format-post-format-aside"],"rttpg_featured_image_url":null,"rttpg_author":{"display_name":"Pere-A. F\u00e0bregas","author_link":"https:\/\/fabregaspere.com\/blog2\/author\/fabregaspere2\/"},"rttpg_comment":0,"rttpg_category":"<a href=\"https:\/\/fabregaspere.com\/blog2\/category\/tipos\/15-entrevista-audio\/\" rel=\"category tag\">a15. Entrevista radio<\/a> <a href=\"https:\/\/fabregaspere.com\/blog2\/category\/temas\/04-medio-ambiente\/\" rel=\"category tag\">b04. Medio Ambiente<\/a> <a href=\"https:\/\/fabregaspere.com\/blog2\/category\/idiomas\/02-espanol\/\" rel=\"category tag\">c02. Espa\u00f1ol<\/a>","rttpg_excerpt":"Medio ambiente [2011.03.30] Entrevista con Pere-A. F\u00e0bregas (2011): La energ\u00eda de los vegetales Onda Cero Rioja (30 marzo 2011) Logro\u00f1o Programa: La Rioja en la Onda Emisi\u00f3n: Directo 13 h","_links":{"self":[{"href":"https:\/\/fabregaspere.com\/blog2\/wp-json\/wp\/v2\/posts\/2258","targetHints":{"allow":["GET"]}}],"collection":[{"href":"https:\/\/fabregaspere.com\/blog2\/wp-json\/wp\/v2\/posts"}],"about":[{"href":"https:\/\/fabregaspere.com\/blog2\/wp-json\/wp\/v2\/types\/post"}],"author":[{"embeddable":true,"href":"https:\/\/fabregaspere.com\/blog2\/wp-json\/wp\/v2\/users\/3"}],"replies":[{"embeddable":true,"href":"https:\/\/fabregaspere.com\/blog2\/wp-json\/wp\/v2\/comments?post=2258"}],"version-history":[{"count":9,"href":"https:\/\/fabregaspere.com\/blog2\/wp-json\/wp\/v2\/posts\/2258\/revisions"}],"predecessor-version":[{"id":14132,"href":"https:\/\/fabregaspere.com\/blog2\/wp-json\/wp\/v2\/posts\/2258\/revisions\/14132"}],"wp:attachment":[{"href":"https:\/\/fabregaspere.com\/blog2\/wp-json\/wp\/v2\/media?parent=2258"}],"wp:term":[{"taxonomy":"category","embeddable":true,"href":"https:\/\/fabregaspere.com\/blog2\/wp-json\/wp\/v2\/categories?post=2258"},{"taxonomy":"post_tag","embeddable":true,"href":"https:\/\/fabregaspere.com\/blog2\/wp-json\/wp\/v2\/tags?post=2258"}],"curies":[{"name":"wp","href":"https:\/\/api.w.org\/{rel}","templated":true}]}}