{"id":2286,"date":"2011-03-11T17:59:47","date_gmt":"2011-03-11T16:59:47","guid":{"rendered":"http:\/\/fabregaspere.com\/blog2\/?p=2286"},"modified":"2024-08-19T13:32:34","modified_gmt":"2024-08-19T11:32:34","slug":"publicacions-sabadell-i-el-gas-de-lenllumenat-del-segle-xix-al-museu-del-segle-xxi-presentacio-del-projecte-del-museu-del-gas","status":"publish","type":"post","link":"https:\/\/fabregaspere.com\/blog2\/2011\/03\/11\/publicacions-sabadell-i-el-gas-de-lenllumenat-del-segle-xix-al-museu-del-segle-xxi-presentacio-del-projecte-del-museu-del-gas\/","title":{"rendered":"[ENTREVISTA TELEVISI\u00d3] Sabadell i el Gas. De l\u2019enllumenat del segle XIX al museu del segle XXI. Presentaci\u00f3 del projecte del Museu del Gas ala Fundaci\u00f3 Bosch i Cardellach [Canal Catal\u00e0 Vall\u00e8s][2011.03.11]"},"content":{"rendered":"<div style=\"width: 474px;\" class=\"wp-video\"><!--[if lt IE 9]><script>document.createElement('video');<\/script><![endif]-->\n<video class=\"wp-video-shortcode\" id=\"video-2286-1\" width=\"474\" height=\"356\" poster=\"https:\/\/fabregaspere.com\/blog2\/wp-content\/uploads\/2011\/03\/2011.03.11.poster-video.jpg\" preload=\"metadata\" controls=\"controls\"><source type=\"video\/mp4\" src=\"https:\/\/fabregaspere.com\/blog2\/wp-content\/uploads\/2011\/03\/2011.03.11.CANAL-CATALA-VALLES.-Entrevista-Pere-A.-Fabregas.yt_.mp4?_=1\" \/><a href=\"https:\/\/fabregaspere.com\/blog2\/wp-content\/uploads\/2011\/03\/2011.03.11.CANAL-CATALA-VALLES.-Entrevista-Pere-A.-Fabregas.yt_.mp4\">https:\/\/fabregaspere.com\/blog2\/wp-content\/uploads\/2011\/03\/2011.03.11.CANAL-CATALA-VALLES.-Entrevista-Pere-A.-Fabregas.yt_.mp4<\/a><\/video><\/div>\n<p><span style=\"text-decoration: underline;\"><span style=\"font-family: verdana, geneva, sans-serif; font-size: 14px;\"><strong>Museus [2011.03.11]<\/strong><\/span><\/span><\/p>\n<p><span style=\"font-family: verdana, geneva, sans-serif; font-size: 14px;\"><strong>Entrevista amb Pere-A. F\u00e0bregas (2011): <em>Sabadell i el Gas. De l\u2019enllumenat del segle XIX al museu del segle XXI. Presentaci\u00f3 del projecte del Museu del Gas a la Fundaci\u00f3 Bosch i Cardellach<\/em><\/strong><\/span><\/p>\n<p><span style=\"font-family: verdana, geneva, sans-serif; font-size: 14px;\"><strong>Canal Catal\u00e0 Vall\u00e8s (11 mar\u00e7 2011) Sabadell<\/strong><\/span><br \/>\n<span style=\"font-family: verdana, geneva, sans-serif; font-size: 14px;\"><strong>Programa: Informatiu<\/strong><\/span><br \/>\n<span style=\"font-family: verdana, geneva, sans-serif; font-size: 14px;\"><strong>Enregistrament: 2011.03.09<\/strong><\/span><br \/>\n<span style=\"font-family: verdana, geneva, sans-serif; font-size: 14px;\"><strong>Emissi\u00f3: 2011.03.11<\/strong><\/span><\/p>\n","protected":false},"excerpt":{"rendered":"<p>Museus [2011.03.11] Entrevista amb Pere-A. F\u00e0bregas (2011): Sabadell i el Gas. De l\u2019enllumenat del segle XIX al museu del segle XXI. Presentaci\u00f3 del projecte del Museu del Gas a la Fundaci\u00f3 Bosch i Cardellach Canal Catal\u00e0 Vall\u00e8s (11 mar\u00e7 2011) Sabadell Programa: Informatiu Enregistrament: 2011.03.09 Emissi\u00f3: 2011.03.11<\/p>\n","protected":false},"author":3,"featured_media":0,"comment_status":"closed","ping_status":"open","sticky":false,"template":"","format":"aside","meta":{"footnotes":""},"categories":[19,43,138],"tags":[48],"class_list":["post-2286","post","type-post","status-publish","format-aside","hentry","category-16-entrevista-video","category-23-museos","category-01-catalan","tag-sabadell","post_format-post-format-aside"],"rttpg_featured_image_url":null,"rttpg_author":{"display_name":"Pere-A. F\u00e0bregas","author_link":"https:\/\/fabregaspere.com\/blog2\/author\/fabregaspere2\/"},"rttpg_comment":0,"rttpg_category":"<a href=\"https:\/\/fabregaspere.com\/blog2\/category\/tipos\/16-entrevista-video\/\" rel=\"category tag\">a16. Entrevista televisi\u00f3n<\/a> <a href=\"https:\/\/fabregaspere.com\/blog2\/category\/temas\/23-museos\/\" rel=\"category tag\">b23. Museos<\/a> <a href=\"https:\/\/fabregaspere.com\/blog2\/category\/idiomas\/01-catalan\/\" rel=\"category tag\">c01. Catal\u00e1n<\/a>","rttpg_excerpt":"Museus [2011.03.11] Entrevista amb Pere-A. F\u00e0bregas (2011): Sabadell i el Gas. De l\u2019enllumenat del segle XIX al museu del segle XXI. Presentaci\u00f3 del projecte del Museu del Gas a la Fundaci\u00f3 Bosch i Cardellach Canal Catal\u00e0 Vall\u00e8s (11 mar\u00e7 2011) Sabadell Programa: Informatiu Enregistrament: 2011.03.09 Emissi\u00f3: 2011.03.11","_links":{"self":[{"href":"https:\/\/fabregaspere.com\/blog2\/wp-json\/wp\/v2\/posts\/2286","targetHints":{"allow":["GET"]}}],"collection":[{"href":"https:\/\/fabregaspere.com\/blog2\/wp-json\/wp\/v2\/posts"}],"about":[{"href":"https:\/\/fabregaspere.com\/blog2\/wp-json\/wp\/v2\/types\/post"}],"author":[{"embeddable":true,"href":"https:\/\/fabregaspere.com\/blog2\/wp-json\/wp\/v2\/users\/3"}],"replies":[{"embeddable":true,"href":"https:\/\/fabregaspere.com\/blog2\/wp-json\/wp\/v2\/comments?post=2286"}],"version-history":[{"count":16,"href":"https:\/\/fabregaspere.com\/blog2\/wp-json\/wp\/v2\/posts\/2286\/revisions"}],"predecessor-version":[{"id":14530,"href":"https:\/\/fabregaspere.com\/blog2\/wp-json\/wp\/v2\/posts\/2286\/revisions\/14530"}],"wp:attachment":[{"href":"https:\/\/fabregaspere.com\/blog2\/wp-json\/wp\/v2\/media?parent=2286"}],"wp:term":[{"taxonomy":"category","embeddable":true,"href":"https:\/\/fabregaspere.com\/blog2\/wp-json\/wp\/v2\/categories?post=2286"},{"taxonomy":"post_tag","embeddable":true,"href":"https:\/\/fabregaspere.com\/blog2\/wp-json\/wp\/v2\/tags?post=2286"}],"curies":[{"name":"wp","href":"https:\/\/api.w.org\/{rel}","templated":true}]}}