{"id":3245,"date":"2012-05-01T00:00:53","date_gmt":"2012-04-30T22:00:53","guid":{"rendered":"http:\/\/fabregaspere.com\/blog2\/?p=3245"},"modified":"2024-08-04T17:04:33","modified_gmt":"2024-08-04T15:04:33","slug":"entrevista-revista-el-museo-del-gas-abre-sus-puertas-2","status":"publish","type":"post","link":"https:\/\/fabregaspere.com\/blog2\/2012\/05\/01\/entrevista-revista-el-museo-del-gas-abre-sus-puertas-2\/","title":{"rendered":"[ENTREVISTA REVISTA] El Museo del Gas abre sus puertas [Gesti\u00f3n &#038; Energ\u00eda][2012.05.01]"},"content":{"rendered":"<p><span style=\"text-decoration: underline;\"><span style=\"font-family: verdana, geneva, sans-serif; font-size: 14px;\"><strong><a href=\"https:\/\/fabregaspere.com\/blog2\/wp-content\/uploads\/2014\/10\/2012.05.00.gestionyenergia.entrPF.jpg\"><img loading=\"lazy\" decoding=\"async\" class=\"alignleft wp-image-3246 size-medium\" src=\"https:\/\/fabregaspere.com\/blog2\/wp-content\/uploads\/2014\/10\/2012.05.00.gestionyenergia.entrPF-222x300.jpg\" alt=\"\" width=\"222\" height=\"300\" srcset=\"https:\/\/fabregaspere.com\/blog2\/wp-content\/uploads\/2014\/10\/2012.05.00.gestionyenergia.entrPF-222x300.jpg 222w, https:\/\/fabregaspere.com\/blog2\/wp-content\/uploads\/2014\/10\/2012.05.00.gestionyenergia.entrPF.jpg 596w\" sizes=\"auto, (max-width: 222px) 100vw, 222px\" \/><\/a>Museos [2012.05.01]<\/strong><\/span><\/span><\/p>\n<p><span style=\"font-family: verdana, geneva, sans-serif; font-size: 14px;\"><strong>Entrevista con Pere-A. F\u00e0bregas (2012): <em>El Museo del Gas abre sus puertas<\/em><\/strong><\/span><\/p>\n<p><span style=\"font-family: verdana, geneva, sans-serif; font-size: 14px;\"><strong>Gesti\u00f3n &amp; Energ\u00eda, n. 28 (mayo 2012), pp. 4\/7. Gas Natural Fenosa, Madrid<\/strong><\/span><\/p>\n<p><span style=\"font-family: verdana, geneva, sans-serif; font-size: 14px;\"><strong><a href=\"https:\/\/fabregaspere.com\/blog2\/wp-content\/uploads\/2014\/10\/2012.05.00.gestionyenergia.entrPF.pdf\" target=\"_blank\" rel=\"noopener\">Descargar PDF<\/a><\/strong><\/span><\/p>\n","protected":false},"excerpt":{"rendered":"<p>Museos [2012.05.01] Entrevista con Pere-A. F\u00e0bregas (2012): El Museo del Gas abre sus puertas Gesti\u00f3n &amp; Energ\u00eda, n. 28 (mayo 2012), pp. 4\/7. Gas Natural Fenosa, Madrid Descargar PDF<\/p>\n","protected":false},"author":3,"featured_media":0,"comment_status":"closed","ping_status":"open","sticky":false,"template":"","format":"aside","meta":{"footnotes":""},"categories":[16,43,139],"tags":[47],"class_list":["post-3245","post","type-post","status-publish","format-aside","hentry","category-13-entrevista-revista","category-23-museos","category-02-espanol","tag-madrid","post_format-post-format-aside"],"rttpg_featured_image_url":null,"rttpg_author":{"display_name":"Pere-A. F\u00e0bregas","author_link":"https:\/\/fabregaspere.com\/blog2\/author\/fabregaspere2\/"},"rttpg_comment":0,"rttpg_category":"<a href=\"https:\/\/fabregaspere.com\/blog2\/category\/tipos\/13-entrevista-revista\/\" rel=\"category tag\">a13. Entrevista revista<\/a> <a href=\"https:\/\/fabregaspere.com\/blog2\/category\/temas\/23-museos\/\" rel=\"category tag\">b23. Museos<\/a> <a href=\"https:\/\/fabregaspere.com\/blog2\/category\/idiomas\/02-espanol\/\" rel=\"category tag\">c02. Espa\u00f1ol<\/a>","rttpg_excerpt":"Museos [2012.05.01] Entrevista con Pere-A. F\u00e0bregas (2012): El Museo del Gas abre sus puertas Gesti\u00f3n &amp; Energ\u00eda, n. 28 (mayo 2012), pp. 4\/7. Gas Natural Fenosa, Madrid Descargar PDF","_links":{"self":[{"href":"https:\/\/fabregaspere.com\/blog2\/wp-json\/wp\/v2\/posts\/3245","targetHints":{"allow":["GET"]}}],"collection":[{"href":"https:\/\/fabregaspere.com\/blog2\/wp-json\/wp\/v2\/posts"}],"about":[{"href":"https:\/\/fabregaspere.com\/blog2\/wp-json\/wp\/v2\/types\/post"}],"author":[{"embeddable":true,"href":"https:\/\/fabregaspere.com\/blog2\/wp-json\/wp\/v2\/users\/3"}],"replies":[{"embeddable":true,"href":"https:\/\/fabregaspere.com\/blog2\/wp-json\/wp\/v2\/comments?post=3245"}],"version-history":[{"count":4,"href":"https:\/\/fabregaspere.com\/blog2\/wp-json\/wp\/v2\/posts\/3245\/revisions"}],"predecessor-version":[{"id":13629,"href":"https:\/\/fabregaspere.com\/blog2\/wp-json\/wp\/v2\/posts\/3245\/revisions\/13629"}],"wp:attachment":[{"href":"https:\/\/fabregaspere.com\/blog2\/wp-json\/wp\/v2\/media?parent=3245"}],"wp:term":[{"taxonomy":"category","embeddable":true,"href":"https:\/\/fabregaspere.com\/blog2\/wp-json\/wp\/v2\/categories?post=3245"},{"taxonomy":"post_tag","embeddable":true,"href":"https:\/\/fabregaspere.com\/blog2\/wp-json\/wp\/v2\/tags?post=3245"}],"curies":[{"name":"wp","href":"https:\/\/api.w.org\/{rel}","templated":true}]}}