{"id":3315,"date":"2013-12-13T00:00:02","date_gmt":"2013-12-12T23:00:02","guid":{"rendered":"http:\/\/fabregaspere.com\/blog2\/?p=3315"},"modified":"2024-07-19T19:42:14","modified_gmt":"2024-07-19T17:42:14","slug":"ponencia-josep-mansana-tarres-enginyer-creador-i-primer-ceo-de-la-catalana-de-gas-i-electricitat","status":"publish","type":"post","link":"https:\/\/fabregaspere.com\/blog2\/2013\/12\/13\/ponencia-josep-mansana-tarres-enginyer-creador-i-primer-ceo-de-la-catalana-de-gas-i-electricitat\/","title":{"rendered":"PON\u00caNCIA] Josep Mansana Tarr\u00e9s, enginyer, creador i primer CEO de la Catalana de Gas i Electricitat  [2013.12.13]"},"content":{"rendered":"<p><span style=\"text-decoration: underline;\"><span style=\"font-family: verdana, geneva, sans-serif; font-size: 14px;\"><strong><a href=\"https:\/\/fabregaspere.com\/blog2\/wp-content\/uploads\/2014\/10\/2013.12.13.AMCTAIC.IX-Jornades-Arqueologia-Industrial.ponencia.PF_.jpg\"><img loading=\"lazy\" decoding=\"async\" class=\"alignnone wp-image-3316 size-full\" src=\"https:\/\/fabregaspere.com\/blog2\/wp-content\/uploads\/2014\/10\/2013.12.13.AMCTAIC.IX-Jornades-Arqueologia-Industrial.ponencia.PF_.jpg\" alt=\"\" width=\"1500\" height=\"1125\" srcset=\"https:\/\/fabregaspere.com\/blog2\/wp-content\/uploads\/2014\/10\/2013.12.13.AMCTAIC.IX-Jornades-Arqueologia-Industrial.ponencia.PF_.jpg 1500w, https:\/\/fabregaspere.com\/blog2\/wp-content\/uploads\/2014\/10\/2013.12.13.AMCTAIC.IX-Jornades-Arqueologia-Industrial.ponencia.PF_-300x225.jpg 300w, https:\/\/fabregaspere.com\/blog2\/wp-content\/uploads\/2014\/10\/2013.12.13.AMCTAIC.IX-Jornades-Arqueologia-Industrial.ponencia.PF_-1024x768.jpg 1024w\" sizes=\"auto, (max-width: 1500px) 100vw, 1500px\" \/><\/a><\/strong><\/span><\/span><\/p>\n<p><span style=\"text-decoration: underline;\"><span style=\"font-family: verdana, geneva, sans-serif; font-size: 14px;\"><strong>Hist\u00f2ria gas [2013.12.13]<\/strong><\/span><\/span><\/p>\n<p><span style=\"font-family: verdana, geneva, sans-serif; font-size: 14px;\"><strong>F\u00c0BREGAS, Pere-A. (2013): <em>Josep Mansana Tarr\u00e9s, enginyer, creador i primer CEO de la Catalana de Gas i Electricitat<\/em><\/strong><\/span><\/p>\n<p><span style=\"font-family: verdana, geneva, sans-serif; font-size: 14px;\"><strong>AMCTAIC. IX Jornades d\u2019Arqueologia Industrial de Catalunya\u00a0Ci\u00e8ncia, T\u00e8cnica i Industria.<\/strong><\/span><\/p>\n<p><span style=\"font-family: verdana, geneva, sans-serif; font-size: 14px;\"><strong>Associaci\u00f3 d&#8217;Enginyers Industrials de Catalunya, Barcelona<\/strong><\/span><\/p>\n<p><span style=\"font-family: verdana, geneva, sans-serif; font-size: 14px;\"><strong><a href=\"https:\/\/fabregaspere.com\/blog2\/wp-content\/uploads\/2014\/10\/2013.12.13.AMCTAIC.IX-Jornades-Arqueologia-Industrial.ponencia.PF_.pdf\" target=\"_blank\" rel=\"noopener\">Descarregar PDF<\/a><\/strong><\/span><\/p>\n","protected":false},"excerpt":{"rendered":"<p>Hist\u00f2ria gas [2013.12.13] F\u00c0BREGAS, Pere-A. (2013): Josep Mansana Tarr\u00e9s, enginyer, creador i primer CEO de la Catalana de Gas i Electricitat AMCTAIC. IX Jornades d\u2019Arqueologia Industrial de Catalunya\u00a0Ci\u00e8ncia, T\u00e8cnica i Industria. Associaci\u00f3 d&#8217;Enginyers Industrials de Catalunya, Barcelona Descarregar PDF<\/p>\n","protected":false},"author":3,"featured_media":0,"comment_status":"closed","ping_status":"open","sticky":false,"template":"","format":"aside","meta":{"footnotes":""},"categories":[20,33,138],"tags":[50],"class_list":["post-3315","post","type-post","status-publish","format-aside","hentry","category-17-ponencia","category-09-historia-gas","category-01-catalan","tag-barcelona","post_format-post-format-aside"],"rttpg_featured_image_url":null,"rttpg_author":{"display_name":"Pere-A. F\u00e0bregas","author_link":"https:\/\/fabregaspere.com\/blog2\/author\/fabregaspere2\/"},"rttpg_comment":0,"rttpg_category":"<a href=\"https:\/\/fabregaspere.com\/blog2\/category\/tipos\/17-ponencia\/\" rel=\"category tag\">a17. Ponencia<\/a> <a href=\"https:\/\/fabregaspere.com\/blog2\/category\/temas\/09-historia-gas\/\" rel=\"category tag\">b09. Historia Gas<\/a> <a href=\"https:\/\/fabregaspere.com\/blog2\/category\/idiomas\/01-catalan\/\" rel=\"category tag\">c01. Catal\u00e1n<\/a>","rttpg_excerpt":"Hist\u00f2ria gas [2013.12.13] F\u00c0BREGAS, Pere-A. (2013): Josep Mansana Tarr\u00e9s, enginyer, creador i primer CEO de la Catalana de Gas i Electricitat AMCTAIC. IX Jornades d\u2019Arqueologia Industrial de Catalunya\u00a0Ci\u00e8ncia, T\u00e8cnica i Industria. Associaci\u00f3 d&#8217;Enginyers Industrials de Catalunya, Barcelona Descarregar PDF","_links":{"self":[{"href":"https:\/\/fabregaspere.com\/blog2\/wp-json\/wp\/v2\/posts\/3315","targetHints":{"allow":["GET"]}}],"collection":[{"href":"https:\/\/fabregaspere.com\/blog2\/wp-json\/wp\/v2\/posts"}],"about":[{"href":"https:\/\/fabregaspere.com\/blog2\/wp-json\/wp\/v2\/types\/post"}],"author":[{"embeddable":true,"href":"https:\/\/fabregaspere.com\/blog2\/wp-json\/wp\/v2\/users\/3"}],"replies":[{"embeddable":true,"href":"https:\/\/fabregaspere.com\/blog2\/wp-json\/wp\/v2\/comments?post=3315"}],"version-history":[{"count":3,"href":"https:\/\/fabregaspere.com\/blog2\/wp-json\/wp\/v2\/posts\/3315\/revisions"}],"predecessor-version":[{"id":12233,"href":"https:\/\/fabregaspere.com\/blog2\/wp-json\/wp\/v2\/posts\/3315\/revisions\/12233"}],"wp:attachment":[{"href":"https:\/\/fabregaspere.com\/blog2\/wp-json\/wp\/v2\/media?parent=3315"}],"wp:term":[{"taxonomy":"category","embeddable":true,"href":"https:\/\/fabregaspere.com\/blog2\/wp-json\/wp\/v2\/categories?post=3315"},{"taxonomy":"post_tag","embeddable":true,"href":"https:\/\/fabregaspere.com\/blog2\/wp-json\/wp\/v2\/tags?post=3315"}],"curies":[{"name":"wp","href":"https:\/\/api.w.org\/{rel}","templated":true}]}}