{"id":3319,"date":"2013-09-18T00:00:40","date_gmt":"2013-09-17T22:00:40","guid":{"rendered":"http:\/\/fabregaspere.com\/blog2\/?p=3319"},"modified":"2024-07-19T19:31:11","modified_gmt":"2024-07-19T17:31:11","slug":"ponencia-la-politica-energetica-i-ambiental-de-la-ue-i-les-peculiarietats-despanya","status":"publish","type":"post","link":"https:\/\/fabregaspere.com\/blog2\/2013\/09\/18\/ponencia-la-politica-energetica-i-ambiental-de-la-ue-i-les-peculiarietats-despanya\/","title":{"rendered":"[PON\u00c8NCIA] La politica energ\u00e8tica i ambiental de la UE i les peculiarietats d&#8217;Espanya [2013.09.18]"},"content":{"rendered":"<p><span style=\"text-decoration: underline;\"><span style=\"font-family: verdana, geneva, sans-serif; font-size: 14px;\"><strong><a href=\"https:\/\/fabregaspere.com\/blog2\/wp-content\/uploads\/2014\/10\/2013.09.18.LECE_.foto_.jpg\"><img loading=\"lazy\" decoding=\"async\" class=\"alignnone wp-image-3323 size-full\" src=\"https:\/\/fabregaspere.com\/blog2\/wp-content\/uploads\/2014\/10\/2013.09.18.LECE_.foto_.jpg\" alt=\"\" width=\"4256\" height=\"2832\" srcset=\"https:\/\/fabregaspere.com\/blog2\/wp-content\/uploads\/2014\/10\/2013.09.18.LECE_.foto_.jpg 4256w, https:\/\/fabregaspere.com\/blog2\/wp-content\/uploads\/2014\/10\/2013.09.18.LECE_.foto_-300x199.jpg 300w, https:\/\/fabregaspere.com\/blog2\/wp-content\/uploads\/2014\/10\/2013.09.18.LECE_.foto_-1024x681.jpg 1024w\" sizes=\"auto, (max-width: 4256px) 100vw, 4256px\" \/><\/a>Sector Energia [2013.09.18]<\/strong><\/span><\/span><\/p>\n<p><span style=\"font-family: verdana, geneva, sans-serif; font-size: 14px;\"><strong>F\u00c0BREGAS, Pere-A. (2013): <em>La politica energ\u00e8tica i ambiental de la UE i les peculiarietats d&#8217;Espanya<\/em><\/strong><\/span><\/p>\n<p><span style=\"font-family: verdana, geneva, sans-serif; font-size: 14px;\"><strong>Dinar Col.loqui\u00a0<\/strong><\/span><br \/>\n<span style=\"font-family: verdana, geneva, sans-serif; font-size: 14px;\"><strong>C\u00edrculo Ecuestre i el Comit\u00e8 Espanyol de la LECE (Lliga Europea de Cooperaci\u00f3 Econ\u00f2mica)<\/strong><\/span><\/p>\n<p><span style=\"font-family: verdana, geneva, sans-serif; font-size: 14px;\"><strong>C\u00edrculo Ecuestre, Barcelona<\/strong><\/span><\/p>\n<p><span style=\"font-family: verdana, geneva, sans-serif; font-size: 14px;\"><strong><a href=\"https:\/\/fabregaspere.com\/blog2\/wp-content\/uploads\/2014\/10\/2013.09.18.LECE_.pdf\" target=\"_blank\" rel=\"noopener\">Descarregar PDF<\/a><\/strong><\/span><\/p>\n","protected":false},"excerpt":{"rendered":"<p>Sector Energia [2013.09.18] F\u00c0BREGAS, Pere-A. (2013): La politica energ\u00e8tica i ambiental de la UE i les peculiarietats d&#8217;Espanya Dinar Col.loqui\u00a0 C\u00edrculo Ecuestre i el Comit\u00e8 Espanyol de la LECE (Lliga Europea de Cooperaci\u00f3 Econ\u00f2mica) C\u00edrculo Ecuestre, Barcelona Descarregar PDF<\/p>\n","protected":false},"author":3,"featured_media":0,"comment_status":"closed","ping_status":"open","sticky":false,"template":"","format":"aside","meta":{"footnotes":""},"categories":[20,37,138],"tags":[50],"class_list":["post-3319","post","type-post","status-publish","format-aside","hentry","category-17-ponencia","category-01-sector-energia","category-01-catalan","tag-barcelona","post_format-post-format-aside"],"rttpg_featured_image_url":null,"rttpg_author":{"display_name":"Pere-A. F\u00e0bregas","author_link":"https:\/\/fabregaspere.com\/blog2\/author\/fabregaspere2\/"},"rttpg_comment":0,"rttpg_category":"<a href=\"https:\/\/fabregaspere.com\/blog2\/category\/tipos\/17-ponencia\/\" rel=\"category tag\">a17. Ponencia<\/a> <a href=\"https:\/\/fabregaspere.com\/blog2\/category\/temas\/01-sector-energia\/\" rel=\"category tag\">b01. Sector Energ\u00eda<\/a> <a href=\"https:\/\/fabregaspere.com\/blog2\/category\/idiomas\/01-catalan\/\" rel=\"category tag\">c01. Catal\u00e1n<\/a>","rttpg_excerpt":"Sector Energia [2013.09.18] F\u00c0BREGAS, Pere-A. (2013): La politica energ\u00e8tica i ambiental de la UE i les peculiarietats d&#8217;Espanya Dinar Col.loqui\u00a0 C\u00edrculo Ecuestre i el Comit\u00e8 Espanyol de la LECE (Lliga Europea de Cooperaci\u00f3 Econ\u00f2mica) C\u00edrculo Ecuestre, Barcelona Descarregar PDF","_links":{"self":[{"href":"https:\/\/fabregaspere.com\/blog2\/wp-json\/wp\/v2\/posts\/3319","targetHints":{"allow":["GET"]}}],"collection":[{"href":"https:\/\/fabregaspere.com\/blog2\/wp-json\/wp\/v2\/posts"}],"about":[{"href":"https:\/\/fabregaspere.com\/blog2\/wp-json\/wp\/v2\/types\/post"}],"author":[{"embeddable":true,"href":"https:\/\/fabregaspere.com\/blog2\/wp-json\/wp\/v2\/users\/3"}],"replies":[{"embeddable":true,"href":"https:\/\/fabregaspere.com\/blog2\/wp-json\/wp\/v2\/comments?post=3319"}],"version-history":[{"count":4,"href":"https:\/\/fabregaspere.com\/blog2\/wp-json\/wp\/v2\/posts\/3319\/revisions"}],"predecessor-version":[{"id":12230,"href":"https:\/\/fabregaspere.com\/blog2\/wp-json\/wp\/v2\/posts\/3319\/revisions\/12230"}],"wp:attachment":[{"href":"https:\/\/fabregaspere.com\/blog2\/wp-json\/wp\/v2\/media?parent=3319"}],"wp:term":[{"taxonomy":"category","embeddable":true,"href":"https:\/\/fabregaspere.com\/blog2\/wp-json\/wp\/v2\/categories?post=3319"},{"taxonomy":"post_tag","embeddable":true,"href":"https:\/\/fabregaspere.com\/blog2\/wp-json\/wp\/v2\/tags?post=3319"}],"curies":[{"name":"wp","href":"https:\/\/api.w.org\/{rel}","templated":true}]}}