{"id":3325,"date":"2013-05-30T18:36:36","date_gmt":"2013-05-30T16:36:36","guid":{"rendered":"http:\/\/fabregaspere.com\/blog2\/?p=3325"},"modified":"2024-07-19T19:16:42","modified_gmt":"2024-07-19T17:16:42","slug":"ponencia-de-la-sociedad-catalana-para-el-alumbrado-por-gas-a-gas-natural-fenosa-tecnologia-mercados-e-impacto-en-la-sociedad","status":"publish","type":"post","link":"https:\/\/fabregaspere.com\/blog2\/2013\/05\/30\/ponencia-de-la-sociedad-catalana-para-el-alumbrado-por-gas-a-gas-natural-fenosa-tecnologia-mercados-e-impacto-en-la-sociedad\/","title":{"rendered":"[PONENCIA] De la \u00abSociedad Catalana para el Alumbrado por Gas\u00bb a \u00abGas Natural Fenosa\u00bb: tecnolog\u00eda, mercados e impacto en la sociedad [2013.05.30]"},"content":{"rendered":"<p><span style=\"text-decoration: underline;\"><span style=\"font-family: verdana, geneva, sans-serif; font-size: 14px;\"><strong><a href=\"https:\/\/fabregaspere.com\/blog2\/wp-content\/uploads\/2014\/10\/2013.05.30.De-SCAG-a-GNF.150a-Assoc.Eng_.Ind_.jpg\"><img loading=\"lazy\" decoding=\"async\" class=\"alignnone wp-image-3326 size-full\" src=\"https:\/\/fabregaspere.com\/blog2\/wp-content\/uploads\/2014\/10\/2013.05.30.De-SCAG-a-GNF.150a-Assoc.Eng_.Ind_.jpg\" alt=\"\" width=\"1500\" height=\"844\" srcset=\"https:\/\/fabregaspere.com\/blog2\/wp-content\/uploads\/2014\/10\/2013.05.30.De-SCAG-a-GNF.150a-Assoc.Eng_.Ind_.jpg 1500w, https:\/\/fabregaspere.com\/blog2\/wp-content\/uploads\/2014\/10\/2013.05.30.De-SCAG-a-GNF.150a-Assoc.Eng_.Ind_-300x168.jpg 300w, https:\/\/fabregaspere.com\/blog2\/wp-content\/uploads\/2014\/10\/2013.05.30.De-SCAG-a-GNF.150a-Assoc.Eng_.Ind_-1024x576.jpg 1024w\" sizes=\"auto, (max-width: 1500px) 100vw, 1500px\" \/><\/a><\/strong><\/span><\/span><\/p>\n<p><span style=\"text-decoration: underline;\"><span style=\"font-family: verdana, geneva, sans-serif; font-size: 14px;\"><strong>Historia gas [2013.05.30]<\/strong><\/span><\/span><\/p>\n<p><span style=\"font-family: verdana, geneva, sans-serif; font-size: 14px;\"><strong>F\u00c0BREGAS, Pere-A. (2013): <em>De la \u00abSociedad Catalana para el Alumbrado por Gas\u00bb a \u00abGas Natural Fenosa\u00bb: tecnolog\u00eda, mercados e impacto en la sociedad<\/em><\/strong><\/span><\/p>\n<p><span style=\"font-family: verdana, geneva, sans-serif; font-size: 14px;\"><strong>Cicle de Confer\u00e8ncies 150 Aniversarin AEIC<\/strong><\/span><\/p>\n<p><span style=\"font-family: verdana, geneva, sans-serif; font-size: 14px;\"><strong>Associaci\u00f3 Enginyers Industrials de Catalunya. <\/strong><\/span><br \/>\n<span style=\"font-family: verdana, geneva, sans-serif; font-size: 14px;\"><strong>Museu del Gas, Sabadell<\/strong><\/span><\/p>\n<p><span style=\"font-size: 14px; font-family: verdana, geneva, sans-serif;\"><strong><a href=\"https:\/\/fabregaspere.com\/blog2\/wp-content\/uploads\/2014\/10\/2013.05.30.De-SCAG-a-GNF.150a.Assoc_.Eng_.Ind_.pdf\" target=\"_blank\" rel=\"noopener\">Descargar PDF<\/a><\/strong><\/span><\/p>\n","protected":false},"excerpt":{"rendered":"<p>Historia gas [2013.05.30] F\u00c0BREGAS, Pere-A. (2013): De la \u00abSociedad Catalana para el Alumbrado por Gas\u00bb a \u00abGas Natural Fenosa\u00bb: tecnolog\u00eda, mercados e impacto en la sociedad Cicle de Confer\u00e8ncies 150 Aniversarin AEIC Associaci\u00f3 Enginyers Industrials de Catalunya. Museu del Gas, Sabadell Descargar PDF<\/p>\n","protected":false},"author":3,"featured_media":0,"comment_status":"closed","ping_status":"open","sticky":false,"template":"","format":"aside","meta":{"footnotes":""},"categories":[20,33,138],"tags":[48],"class_list":["post-3325","post","type-post","status-publish","format-aside","hentry","category-17-ponencia","category-09-historia-gas","category-01-catalan","tag-sabadell","post_format-post-format-aside"],"rttpg_featured_image_url":null,"rttpg_author":{"display_name":"Pere-A. F\u00e0bregas","author_link":"https:\/\/fabregaspere.com\/blog2\/author\/fabregaspere2\/"},"rttpg_comment":0,"rttpg_category":"<a href=\"https:\/\/fabregaspere.com\/blog2\/category\/tipos\/17-ponencia\/\" rel=\"category tag\">a17. Ponencia<\/a> <a href=\"https:\/\/fabregaspere.com\/blog2\/category\/temas\/09-historia-gas\/\" rel=\"category tag\">b09. Historia Gas<\/a> <a href=\"https:\/\/fabregaspere.com\/blog2\/category\/idiomas\/01-catalan\/\" rel=\"category tag\">c01. Catal\u00e1n<\/a>","rttpg_excerpt":"Historia gas [2013.05.30] F\u00c0BREGAS, Pere-A. (2013): De la \u00abSociedad Catalana para el Alumbrado por Gas\u00bb a \u00abGas Natural Fenosa\u00bb: tecnolog\u00eda, mercados e impacto en la sociedad Cicle de Confer\u00e8ncies 150 Aniversarin AEIC Associaci\u00f3 Enginyers Industrials de Catalunya. Museu del Gas, Sabadell Descargar PDF","_links":{"self":[{"href":"https:\/\/fabregaspere.com\/blog2\/wp-json\/wp\/v2\/posts\/3325","targetHints":{"allow":["GET"]}}],"collection":[{"href":"https:\/\/fabregaspere.com\/blog2\/wp-json\/wp\/v2\/posts"}],"about":[{"href":"https:\/\/fabregaspere.com\/blog2\/wp-json\/wp\/v2\/types\/post"}],"author":[{"embeddable":true,"href":"https:\/\/fabregaspere.com\/blog2\/wp-json\/wp\/v2\/users\/3"}],"replies":[{"embeddable":true,"href":"https:\/\/fabregaspere.com\/blog2\/wp-json\/wp\/v2\/comments?post=3325"}],"version-history":[{"count":7,"href":"https:\/\/fabregaspere.com\/blog2\/wp-json\/wp\/v2\/posts\/3325\/revisions"}],"predecessor-version":[{"id":12225,"href":"https:\/\/fabregaspere.com\/blog2\/wp-json\/wp\/v2\/posts\/3325\/revisions\/12225"}],"wp:attachment":[{"href":"https:\/\/fabregaspere.com\/blog2\/wp-json\/wp\/v2\/media?parent=3325"}],"wp:term":[{"taxonomy":"category","embeddable":true,"href":"https:\/\/fabregaspere.com\/blog2\/wp-json\/wp\/v2\/categories?post=3325"},{"taxonomy":"post_tag","embeddable":true,"href":"https:\/\/fabregaspere.com\/blog2\/wp-json\/wp\/v2\/tags?post=3325"}],"curies":[{"name":"wp","href":"https:\/\/api.w.org\/{rel}","templated":true}]}}