{"id":345,"date":"2009-12-31T02:02:54","date_gmt":"2009-12-31T01:02:54","guid":{"rendered":"http:\/\/fabregaspere.com\/blog2\/?p=345"},"modified":"2025-09-10T10:44:16","modified_gmt":"2025-09-10T08:44:16","slug":"publicaciones-barcelona-y-el-gas-una-relacion-de-200-anos","status":"publish","type":"post","link":"https:\/\/fabregaspere.com\/blog2\/2009\/12\/31\/publicaciones-barcelona-y-el-gas-una-relacion-de-200-anos\/","title":{"rendered":"[ART\u00cdCULO REVISTA] Barcelona y el gas, una relaci\u00f3n de 200 a\u00f1os [2009.12.31.b]"},"content":{"rendered":"<p><span style=\"text-decoration: underline;\"><strong><a href=\"https:\/\/fabregaspere.com\/blog2\/wp-content\/uploads\/2023\/08\/2009.12.31.b.TST_.Barcelona-y-el-gas.jpg\"><img loading=\"lazy\" decoding=\"async\" class=\"alignleft\" src=\"https:\/\/fabregaspere.com\/blog2\/wp-content\/uploads\/2023\/08\/2009.12.31.b.TST_.Barcelona-y-el-gas.jpg\" alt=\"\" width=\"250\" height=\"351\" \/><\/a><span style=\"font-family: verdana, geneva, sans-serif; font-size: 14px;\">Historia Gas [2009.12.31.b]<\/span><\/strong><\/span><\/p>\n<p style=\"text-align: justify;\"><strong><span style=\"font-family: verdana, geneva, sans-serif; font-size: 14px;\">F\u00c0BREGAS, Pere-A. (2009): \u00abBarcelona y el gas, una relaci\u00f3n de 200 a\u00f1os\u00bb<\/span><\/strong><\/p>\n<p style=\"text-align: justify;\"><strong><span style=\"font-family: verdana, geneva, sans-serif; font-size: 14px;\">en <em>[TsT] Transportes, Servicios y Telecomunicaciones<\/em> (Madrid),\u00a0<\/span><\/strong><br \/>\n<strong><span style=\"font-family: verdana, geneva, sans-serif; font-size: 14px;\">n 16 (diciembre 2009), pp. 180\/204<\/span><\/strong><\/p>\n<p><strong><span style=\"font-family: verdana, geneva, sans-serif; font-size: 14px;\"><a href=\"https:\/\/fabregaspere.com\/blog2\/wp-content\/uploads\/2023\/08\/2009.12.31.b.TST_.Barcelona-y-el-gas.pdf\"><span style=\"text-decoration: underline;\">Descargar PDF<\/span><\/a><\/span><\/strong><\/p>\n","protected":false},"excerpt":{"rendered":"<p>Historia Gas [2009.12.31.b] F\u00c0BREGAS, Pere-A. (2009): \u00abBarcelona y el gas, una relaci\u00f3n de 200 a\u00f1os\u00bb en [TsT] Transportes, Servicios y Telecomunicaciones (Madrid),\u00a0 n 16 (diciembre 2009), pp. 180\/204 Descargar PDF<\/p>\n","protected":false},"author":3,"featured_media":0,"comment_status":"closed","ping_status":"open","sticky":false,"template":"","format":"aside","meta":{"footnotes":""},"categories":[11,33,139],"tags":[47],"class_list":["post-345","post","type-post","status-publish","format-aside","hentry","category-08-articulo-revista","category-09-historia-gas","category-02-espanol","tag-madrid","post_format-post-format-aside"],"rttpg_featured_image_url":null,"rttpg_author":{"display_name":"Pere-A. F\u00e0bregas","author_link":"https:\/\/fabregaspere.com\/blog2\/author\/fabregaspere2\/"},"rttpg_comment":0,"rttpg_category":"<a href=\"https:\/\/fabregaspere.com\/blog2\/category\/tipos\/08-articulo-revista\/\" rel=\"category tag\">a08. Art\u00edculo revista<\/a> <a href=\"https:\/\/fabregaspere.com\/blog2\/category\/temas\/09-historia-gas\/\" rel=\"category tag\">b09. Historia Gas<\/a> <a href=\"https:\/\/fabregaspere.com\/blog2\/category\/idiomas\/02-espanol\/\" rel=\"category tag\">c02. Espa\u00f1ol<\/a>","rttpg_excerpt":"Historia Gas [2009.12.31.b] F\u00c0BREGAS, Pere-A. (2009): \u00abBarcelona y el gas, una relaci\u00f3n de 200 a\u00f1os\u00bb en [TsT] Transportes, Servicios y Telecomunicaciones (Madrid),\u00a0 n 16 (diciembre 2009), pp. 180\/204 Descargar PDF","_links":{"self":[{"href":"https:\/\/fabregaspere.com\/blog2\/wp-json\/wp\/v2\/posts\/345","targetHints":{"allow":["GET"]}}],"collection":[{"href":"https:\/\/fabregaspere.com\/blog2\/wp-json\/wp\/v2\/posts"}],"about":[{"href":"https:\/\/fabregaspere.com\/blog2\/wp-json\/wp\/v2\/types\/post"}],"author":[{"embeddable":true,"href":"https:\/\/fabregaspere.com\/blog2\/wp-json\/wp\/v2\/users\/3"}],"replies":[{"embeddable":true,"href":"https:\/\/fabregaspere.com\/blog2\/wp-json\/wp\/v2\/comments?post=345"}],"version-history":[{"count":12,"href":"https:\/\/fabregaspere.com\/blog2\/wp-json\/wp\/v2\/posts\/345\/revisions"}],"predecessor-version":[{"id":16760,"href":"https:\/\/fabregaspere.com\/blog2\/wp-json\/wp\/v2\/posts\/345\/revisions\/16760"}],"wp:attachment":[{"href":"https:\/\/fabregaspere.com\/blog2\/wp-json\/wp\/v2\/media?parent=345"}],"wp:term":[{"taxonomy":"category","embeddable":true,"href":"https:\/\/fabregaspere.com\/blog2\/wp-json\/wp\/v2\/categories?post=345"},{"taxonomy":"post_tag","embeddable":true,"href":"https:\/\/fabregaspere.com\/blog2\/wp-json\/wp\/v2\/tags?post=345"}],"curies":[{"name":"wp","href":"https:\/\/api.w.org\/{rel}","templated":true}]}}