{"id":363,"date":"2008-10-01T00:00:48","date_gmt":"2008-09-30T22:00:48","guid":{"rendered":"http:\/\/fabregaspere.com\/blog2\/?p=363"},"modified":"2025-09-10T10:40:49","modified_gmt":"2025-09-10T08:40:49","slug":"publicaciones-archivos-de-empresa-un-nuevo-paradigma","status":"publish","type":"post","link":"https:\/\/fabregaspere.com\/blog2\/2008\/10\/01\/publicaciones-archivos-de-empresa-un-nuevo-paradigma\/","title":{"rendered":"[ART\u00cdCULO REVISTA] Archivos de empresa: \u00bfun nuevo paradigma? [2008.10.01"},"content":{"rendered":"<p><strong><a href=\"https:\/\/fabregaspere.com\/blog2\/wp-content\/uploads\/2023\/08\/2008.10.01.ANABAD.Archivos-de-empresa-un-nuevo-paradigma.jpg\"><img loading=\"lazy\" decoding=\"async\" class=\"alignleft\" src=\"https:\/\/fabregaspere.com\/blog2\/wp-content\/uploads\/2023\/08\/2008.10.01.ANABAD.Archivos-de-empresa-un-nuevo-paradigma.jpg\" alt=\"\" width=\"250\" height=\"244\" \/><\/a><span style=\"text-decoration: underline; font-family: verdana, geneva, sans-serif; font-size: 14px;\">Archivos hist\u00f3ricos [2008.10.01]<\/span><\/strong><\/p>\n<p style=\"text-align: justify;\"><span style=\"font-family: verdana, geneva, sans-serif; font-size: 14px;\"><strong>F\u00c0BREGAS, Pere-A. (2008): \u00abArchivos de empresa: \u00bfun nuevo paradigma?\u00bb<\/strong><\/span><\/p>\n<p style=\"text-align: justify;\"><span style=\"font-family: verdana, geneva, sans-serif; font-size: 14px;\"><strong>en <em>Boletin ANABAD<\/em> (Madrid), LVIII (2008) , n. 4 (octubre &#8211; diciembre\u00a0 2008), pp. 237\/245<\/strong><\/span><\/p>\n<p><strong><span style=\"font-family: verdana, geneva, sans-serif; font-size: 14px;\">[Federaci\u00f3n Espa\u00f1ola de Asociaciones de Archiveros, Bibliotecarios, Arque\u00f3logos, Muse\u00f3logos y Documentalistas]<\/span><\/strong><br \/>\n<strong><span style=\"font-family: verdana, geneva, sans-serif; font-size: 14px;\">[Revista publicada en CD]<\/span><\/strong><\/p>\n<p style=\"padding-left: 280px;\"><span style=\"text-decoration: underline; font-family: verdana, geneva, sans-serif; font-size: 14px;\"><strong><a href=\"https:\/\/fabregaspere.com\/blog2\/wp-content\/uploads\/2023\/08\/2008.10.01.ANABAD.Archivos-de-empresa-un-nuevo-paradigma.pdf\">Descargar PDF<\/a><\/strong><\/span><\/p>\n","protected":false},"excerpt":{"rendered":"<p>Archivos hist\u00f3ricos [2008.10.01] F\u00c0BREGAS, Pere-A. (2008): \u00abArchivos de empresa: \u00bfun nuevo paradigma?\u00bb en Boletin ANABAD (Madrid), LVIII (2008) , n. 4 (octubre &#8211; diciembre\u00a0 2008), pp. 237\/245 [Federaci\u00f3n Espa\u00f1ola de Asociaciones de Archiveros, Bibliotecarios, Arque\u00f3logos, Muse\u00f3logos y Documentalistas] [Revista publicada en CD] Descargar PDF<\/p>\n","protected":false},"author":3,"featured_media":0,"comment_status":"closed","ping_status":"open","sticky":false,"template":"","format":"aside","meta":{"footnotes":""},"categories":[11,36,139],"tags":[47],"class_list":["post-363","post","type-post","status-publish","format-aside","hentry","category-08-articulo-revista","category-14-archivos-historicos","category-02-espanol","tag-madrid","post_format-post-format-aside"],"rttpg_featured_image_url":null,"rttpg_author":{"display_name":"Pere-A. F\u00e0bregas","author_link":"https:\/\/fabregaspere.com\/blog2\/author\/fabregaspere2\/"},"rttpg_comment":0,"rttpg_category":"<a href=\"https:\/\/fabregaspere.com\/blog2\/category\/tipos\/08-articulo-revista\/\" rel=\"category tag\">a08. Art\u00edculo revista<\/a> <a href=\"https:\/\/fabregaspere.com\/blog2\/category\/temas\/14-archivos-historicos\/\" rel=\"category tag\">b14. Archivos hist\u00f3ricos<\/a> <a href=\"https:\/\/fabregaspere.com\/blog2\/category\/idiomas\/02-espanol\/\" rel=\"category tag\">c02. Espa\u00f1ol<\/a>","rttpg_excerpt":"Archivos hist\u00f3ricos [2008.10.01] F\u00c0BREGAS, Pere-A. (2008): \u00abArchivos de empresa: \u00bfun nuevo paradigma?\u00bb en Boletin ANABAD (Madrid), LVIII (2008) , n. 4 (octubre &#8211; diciembre\u00a0 2008), pp. 237\/245 [Federaci\u00f3n Espa\u00f1ola de Asociaciones de Archiveros, Bibliotecarios, Arque\u00f3logos, Muse\u00f3logos y Documentalistas] [Revista publicada en CD] Descargar PDF","_links":{"self":[{"href":"https:\/\/fabregaspere.com\/blog2\/wp-json\/wp\/v2\/posts\/363","targetHints":{"allow":["GET"]}}],"collection":[{"href":"https:\/\/fabregaspere.com\/blog2\/wp-json\/wp\/v2\/posts"}],"about":[{"href":"https:\/\/fabregaspere.com\/blog2\/wp-json\/wp\/v2\/types\/post"}],"author":[{"embeddable":true,"href":"https:\/\/fabregaspere.com\/blog2\/wp-json\/wp\/v2\/users\/3"}],"replies":[{"embeddable":true,"href":"https:\/\/fabregaspere.com\/blog2\/wp-json\/wp\/v2\/comments?post=363"}],"version-history":[{"count":10,"href":"https:\/\/fabregaspere.com\/blog2\/wp-json\/wp\/v2\/posts\/363\/revisions"}],"predecessor-version":[{"id":16755,"href":"https:\/\/fabregaspere.com\/blog2\/wp-json\/wp\/v2\/posts\/363\/revisions\/16755"}],"wp:attachment":[{"href":"https:\/\/fabregaspere.com\/blog2\/wp-json\/wp\/v2\/media?parent=363"}],"wp:term":[{"taxonomy":"category","embeddable":true,"href":"https:\/\/fabregaspere.com\/blog2\/wp-json\/wp\/v2\/categories?post=363"},{"taxonomy":"post_tag","embeddable":true,"href":"https:\/\/fabregaspere.com\/blog2\/wp-json\/wp\/v2\/tags?post=363"}],"curies":[{"name":"wp","href":"https:\/\/api.w.org\/{rel}","templated":true}]}}