{"id":3784,"date":"2009-08-11T00:00:00","date_gmt":"2009-08-10T22:00:00","guid":{"rendered":"http:\/\/fabregaspere.com\/blog2\/?p=3784"},"modified":"2024-08-20T12:34:12","modified_gmt":"2024-08-20T10:34:12","slug":"investigacion-barcelona-i-el-gas-prop-de-200-anys-de-relacio","status":"publish","type":"post","link":"https:\/\/fabregaspere.com\/blog2\/2009\/08\/11\/investigacion-barcelona-i-el-gas-prop-de-200-anys-de-relacio\/","title":{"rendered":"[RECERCA] Barcelona i el Gas, prop de 200 anys de relaci\u00f3 [2009.08.11]"},"content":{"rendered":"<p><span style=\"text-decoration: underline;\"><span style=\"font-family: verdana, geneva, sans-serif; font-size: 14px;\"><strong><a href=\"https:\/\/fabregaspere.com\/blog2\/wp-content\/uploads\/2014\/10\/2009.08.11.Barcelona-i-el-gas.documento-matriz.jpg\"><img loading=\"lazy\" decoding=\"async\" class=\"alignleft wp-image-3785 size-medium\" src=\"https:\/\/fabregaspere.com\/blog2\/wp-content\/uploads\/2014\/10\/2009.08.11.Barcelona-i-el-gas.documento-matriz-212x300.jpg\" alt=\"\" width=\"212\" height=\"300\" srcset=\"https:\/\/fabregaspere.com\/blog2\/wp-content\/uploads\/2014\/10\/2009.08.11.Barcelona-i-el-gas.documento-matriz-212x300.jpg 212w, https:\/\/fabregaspere.com\/blog2\/wp-content\/uploads\/2014\/10\/2009.08.11.Barcelona-i-el-gas.documento-matriz.jpg 415w\" sizes=\"auto, (max-width: 212px) 100vw, 212px\" \/><\/a><\/strong><\/span><\/span><\/p>\n<p><span style=\"text-decoration: underline;\"><span style=\"font-family: verdana, geneva, sans-serif; font-size: 14px;\"><strong>Hist\u00f2ria gas [2009.08.11]<\/strong><\/span><\/span><\/p>\n<p><span style=\"font-family: verdana, geneva, sans-serif; font-size: 14px;\"><strong>F\u00c0BREGAS, Pere-A. (2009): <em>Barcelona i el Gas, prop de 200 anys de relaci\u00f3<\/em><\/strong><\/span><\/p>\n<p><span style=\"font-family: verdana, geneva, sans-serif; font-size: 14px;\"><strong>Barcelona, 83 pp.<\/strong><\/span><\/p>\n<p><span style=\"font-family: verdana, geneva, sans-serif; font-size: 14px;\"><strong>[document matriu]<\/strong><\/span><\/p>\n<p><span style=\"font-family: verdana, geneva, sans-serif; font-size: 14px;\"><strong><a href=\"https:\/\/fabregaspere.com\/blog2\/wp-content\/uploads\/2014\/10\/2009.08.11.Barcelona-i-el-gas.documento-matriz.pdf\" target=\"_blank\" rel=\"noopener\">Descarregar PDF<\/a><\/strong><\/span><\/p>\n","protected":false},"excerpt":{"rendered":"<p>Hist\u00f2ria gas [2009.08.11] F\u00c0BREGAS, Pere-A. (2009): Barcelona i el Gas, prop de 200 anys de relaci\u00f3 Barcelona, 83 pp. [document matriu] Descarregar PDF<\/p>\n","protected":false},"author":3,"featured_media":0,"comment_status":"closed","ping_status":"open","sticky":false,"template":"","format":"aside","meta":{"footnotes":""},"categories":[22,33,139],"tags":[50],"class_list":["post-3784","post","type-post","status-publish","format-aside","hentry","category-19-investigacion","category-09-historia-gas","category-02-espanol","tag-barcelona","post_format-post-format-aside"],"rttpg_featured_image_url":null,"rttpg_author":{"display_name":"Pere-A. F\u00e0bregas","author_link":"https:\/\/fabregaspere.com\/blog2\/author\/fabregaspere2\/"},"rttpg_comment":0,"rttpg_category":"<a href=\"https:\/\/fabregaspere.com\/blog2\/category\/tipos\/19-investigacion\/\" rel=\"category tag\">a19. Investigaci\u00f3n<\/a> <a href=\"https:\/\/fabregaspere.com\/blog2\/category\/temas\/09-historia-gas\/\" rel=\"category tag\">b09. Historia Gas<\/a> <a href=\"https:\/\/fabregaspere.com\/blog2\/category\/idiomas\/02-espanol\/\" rel=\"category tag\">c02. Espa\u00f1ol<\/a>","rttpg_excerpt":"Hist\u00f2ria gas [2009.08.11] F\u00c0BREGAS, Pere-A. (2009): Barcelona i el Gas, prop de 200 anys de relaci\u00f3 Barcelona, 83 pp. [document matriu] Descarregar PDF","_links":{"self":[{"href":"https:\/\/fabregaspere.com\/blog2\/wp-json\/wp\/v2\/posts\/3784","targetHints":{"allow":["GET"]}}],"collection":[{"href":"https:\/\/fabregaspere.com\/blog2\/wp-json\/wp\/v2\/posts"}],"about":[{"href":"https:\/\/fabregaspere.com\/blog2\/wp-json\/wp\/v2\/types\/post"}],"author":[{"embeddable":true,"href":"https:\/\/fabregaspere.com\/blog2\/wp-json\/wp\/v2\/users\/3"}],"replies":[{"embeddable":true,"href":"https:\/\/fabregaspere.com\/blog2\/wp-json\/wp\/v2\/comments?post=3784"}],"version-history":[{"count":4,"href":"https:\/\/fabregaspere.com\/blog2\/wp-json\/wp\/v2\/posts\/3784\/revisions"}],"predecessor-version":[{"id":14667,"href":"https:\/\/fabregaspere.com\/blog2\/wp-json\/wp\/v2\/posts\/3784\/revisions\/14667"}],"wp:attachment":[{"href":"https:\/\/fabregaspere.com\/blog2\/wp-json\/wp\/v2\/media?parent=3784"}],"wp:term":[{"taxonomy":"category","embeddable":true,"href":"https:\/\/fabregaspere.com\/blog2\/wp-json\/wp\/v2\/categories?post=3784"},{"taxonomy":"post_tag","embeddable":true,"href":"https:\/\/fabregaspere.com\/blog2\/wp-json\/wp\/v2\/tags?post=3784"}],"curies":[{"name":"wp","href":"https:\/\/api.w.org\/{rel}","templated":true}]}}