{"id":3804,"date":"2009-05-25T00:00:59","date_gmt":"2009-05-24T22:00:59","guid":{"rendered":"http:\/\/fabregaspere.com\/blog2\/?p=3804"},"modified":"2024-08-01T18:22:13","modified_gmt":"2024-08-01T16:22:13","slug":"articulo-web-dos-empresas-una-historia-4-el-proceso-de-internacionalizacion","status":"publish","type":"post","link":"https:\/\/fabregaspere.com\/blog2\/2009\/05\/25\/articulo-web-dos-empresas-una-historia-4-el-proceso-de-internacionalizacion\/","title":{"rendered":"[ART\u00cdCULO WEB] Dos empresas, una historia (4):  el proceso de internacionalizaci\u00f3n [Nuestra Energ\u00eda][2009.05.25]"},"content":{"rendered":"<p><span style=\"text-decoration: underline;\"><span style=\"font-family: verdana, geneva, sans-serif; font-size: 14px;\"><strong><img loading=\"lazy\" decoding=\"async\" class=\"alignleft wp-image-3805 size-medium\" src=\"https:\/\/fabregaspere.com\/blog2\/wp-content\/uploads\/2014\/10\/2009.05.25.nuestraenergia.4-212x300.jpg\" alt=\"\" width=\"212\" height=\"300\" srcset=\"https:\/\/fabregaspere.com\/blog2\/wp-content\/uploads\/2014\/10\/2009.05.25.nuestraenergia.4-212x300.jpg 212w, https:\/\/fabregaspere.com\/blog2\/wp-content\/uploads\/2014\/10\/2009.05.25.nuestraenergia.4-723x1024.jpg 723w, https:\/\/fabregaspere.com\/blog2\/wp-content\/uploads\/2014\/10\/2009.05.25.nuestraenergia.4.jpg 1042w\" sizes=\"auto, (max-width: 212px) 100vw, 212px\" \/>Historia Gas [2009.05.25]<\/strong><\/span><\/span><\/p>\n<p><span style=\"font-family: verdana, geneva, sans-serif; font-size: 14px;\"><strong>F\u00c2BREGAS, Pere-A. (2009): <em>Dos empresas, una historia (4): el proceso de internacionalizaci\u00f3n<\/em><\/strong><\/span><\/p>\n<p><span style=\"font-family: verdana, geneva, sans-serif; font-size: 14px;\"><strong>Nuestra Energ\u00eda [2009.05.25] Madrid<\/strong><\/span><\/p>\n<p><span style=\"font-family: verdana, geneva, sans-serif; font-size: 14px;\"><strong><a href=\"https:\/\/fabregaspere.com\/blog2\/wp-content\/uploads\/2014\/10\/2009.05.25.nuestraenergia.4.pdf\" target=\"_blank\" rel=\"noopener\">Descargar PDF<\/a><\/strong><\/span><\/p>\n","protected":false},"excerpt":{"rendered":"<p>Historia Gas [2009.05.25] F\u00c2BREGAS, Pere-A. (2009): Dos empresas, una historia (4): el proceso de internacionalizaci\u00f3n Nuestra Energ\u00eda [2009.05.25] Madrid Descargar PDF<\/p>\n","protected":false},"author":3,"featured_media":0,"comment_status":"closed","ping_status":"open","sticky":false,"template":"","format":"aside","meta":{"footnotes":""},"categories":[25,33,139],"tags":[47],"class_list":["post-3804","post","type-post","status-publish","format-aside","hentry","category-22-articulo-web","category-09-historia-gas","category-02-espanol","tag-madrid","post_format-post-format-aside"],"rttpg_featured_image_url":null,"rttpg_author":{"display_name":"Pere-A. F\u00e0bregas","author_link":"https:\/\/fabregaspere.com\/blog2\/author\/fabregaspere2\/"},"rttpg_comment":0,"rttpg_category":"<a href=\"https:\/\/fabregaspere.com\/blog2\/category\/tipos\/22-articulo-web\/\" rel=\"category tag\">a22. Art\u00edculo web<\/a> <a href=\"https:\/\/fabregaspere.com\/blog2\/category\/temas\/09-historia-gas\/\" rel=\"category tag\">b09. Historia Gas<\/a> <a href=\"https:\/\/fabregaspere.com\/blog2\/category\/idiomas\/02-espanol\/\" rel=\"category tag\">c02. Espa\u00f1ol<\/a>","rttpg_excerpt":"Historia Gas [2009.05.25] F\u00c2BREGAS, Pere-A. (2009): Dos empresas, una historia (4): el proceso de internacionalizaci\u00f3n Nuestra Energ\u00eda [2009.05.25] Madrid Descargar PDF","_links":{"self":[{"href":"https:\/\/fabregaspere.com\/blog2\/wp-json\/wp\/v2\/posts\/3804","targetHints":{"allow":["GET"]}}],"collection":[{"href":"https:\/\/fabregaspere.com\/blog2\/wp-json\/wp\/v2\/posts"}],"about":[{"href":"https:\/\/fabregaspere.com\/blog2\/wp-json\/wp\/v2\/types\/post"}],"author":[{"embeddable":true,"href":"https:\/\/fabregaspere.com\/blog2\/wp-json\/wp\/v2\/users\/3"}],"replies":[{"embeddable":true,"href":"https:\/\/fabregaspere.com\/blog2\/wp-json\/wp\/v2\/comments?post=3804"}],"version-history":[{"count":4,"href":"https:\/\/fabregaspere.com\/blog2\/wp-json\/wp\/v2\/posts\/3804\/revisions"}],"predecessor-version":[{"id":13249,"href":"https:\/\/fabregaspere.com\/blog2\/wp-json\/wp\/v2\/posts\/3804\/revisions\/13249"}],"wp:attachment":[{"href":"https:\/\/fabregaspere.com\/blog2\/wp-json\/wp\/v2\/media?parent=3804"}],"wp:term":[{"taxonomy":"category","embeddable":true,"href":"https:\/\/fabregaspere.com\/blog2\/wp-json\/wp\/v2\/categories?post=3804"},{"taxonomy":"post_tag","embeddable":true,"href":"https:\/\/fabregaspere.com\/blog2\/wp-json\/wp\/v2\/tags?post=3804"}],"curies":[{"name":"wp","href":"https:\/\/api.w.org\/{rel}","templated":true}]}}