{"id":3845,"date":"2014-05-13T00:00:44","date_gmt":"2014-05-12T22:00:44","guid":{"rendered":"http:\/\/fabregaspere.com\/blog2\/?p=3845"},"modified":"2024-08-19T17:26:34","modified_gmt":"2024-08-19T15:26:34","slug":"entrevista-televisio-lluis-reales-conversa-amb-pere-fabregas-expert-en-energia-i-historiador","status":"publish","type":"post","link":"https:\/\/fabregaspere.com\/blog2\/2014\/05\/13\/entrevista-televisio-lluis-reales-conversa-amb-pere-fabregas-expert-en-energia-i-historiador\/","title":{"rendered":"[ENTREVISTA TELEVISI\u00d3] Llu\u00eds Reales conversa amb Pere  F\u00e0bregas, expert en energia i historiador [BTV][2014.05.13]"},"content":{"rendered":"<div style=\"width: 474px;\" class=\"wp-video\"><!--[if lt IE 9]><script>document.createElement('video');<\/script><![endif]-->\n<video class=\"wp-video-shortcode\" id=\"video-3845-1\" width=\"474\" height=\"267\" poster=\"https:\/\/fabregaspere.com\/blog2\/wp-content\/uploads\/2014\/05\/2014.05.13.poster-video.jpg\" preload=\"metadata\" controls=\"controls\"><source type=\"video\/mp4\" src=\"https:\/\/fabregaspere.com\/blog2\/wp-content\/uploads\/2014\/05\/2014.05.13.BTV_.Terricoles.-Entrevista-Pere-A.-Fabregas.yt_.mp4?_=1\" \/><a href=\"https:\/\/fabregaspere.com\/blog2\/wp-content\/uploads\/2014\/05\/2014.05.13.BTV_.Terricoles.-Entrevista-Pere-A.-Fabregas.yt_.mp4\">https:\/\/fabregaspere.com\/blog2\/wp-content\/uploads\/2014\/05\/2014.05.13.BTV_.Terricoles.-Entrevista-Pere-A.-Fabregas.yt_.mp4<\/a><\/video><\/div>\n<p><span style=\"text-decoration: underline;\"><span style=\"font-family: verdana, geneva, sans-serif; font-size: 14px;\"><strong>Hist\u00f2ria Pere-A. F\u00e0bregas [2014.05.13]<\/strong><\/span><\/span><\/p>\n<p><span style=\"font-family: verdana, geneva, sans-serif; font-size: 14px;\"><strong>Entrevista amb Pere-A. F\u00e0bregas (2014): <em>Llu\u00eds Reales conversa amb Pere F\u00e0bregas, expert en energia i historiador<\/em><\/strong><\/span><\/p>\n<p><span style=\"font-family: verdana, geneva, sans-serif; font-size: 14px;\"><strong>BTV (13 maig 2014) Barcelona<\/strong><\/span><br \/>\n<span style=\"font-family: verdana, geneva, sans-serif; font-size: 14px;\"><strong>Programa: Terr\u00edcoles<\/strong><\/span><br \/>\n<span style=\"font-family: verdana, geneva, sans-serif; font-size: 14px;\"><strong>Periodista: Llu\u00eds Reales<\/strong><\/span><br \/>\n<span style=\"font-family: verdana, geneva, sans-serif; font-size: 14px;\"><strong>Enregistrament: 2014.05.13<\/strong><\/span><br \/>\n<span style=\"font-family: verdana, geneva, sans-serif; font-size: 14px;\"><strong>Emissi\u00f3: 2014.05.13<\/strong><\/span><\/p>\n","protected":false},"excerpt":{"rendered":"<p>Hist\u00f2ria Pere-A. F\u00e0bregas [2014.05.13] Entrevista amb Pere-A. F\u00e0bregas (2014): Llu\u00eds Reales conversa amb Pere F\u00e0bregas, expert en energia i historiador BTV (13 maig 2014) Barcelona Programa: Terr\u00edcoles Periodista: Llu\u00eds Reales Enregistrament: 2014.05.13 Emissi\u00f3: 2014.05.13<\/p>\n","protected":false},"author":3,"featured_media":0,"comment_status":"closed","ping_status":"open","sticky":false,"template":"","format":"aside","meta":{"footnotes":""},"categories":[19,122,138],"tags":[50],"class_list":["post-3845","post","type-post","status-publish","format-aside","hentry","category-16-entrevista-video","category-25-historia-pere-a-fabregas","category-01-catalan","tag-barcelona","post_format-post-format-aside"],"rttpg_featured_image_url":null,"rttpg_author":{"display_name":"Pere-A. F\u00e0bregas","author_link":"https:\/\/fabregaspere.com\/blog2\/author\/fabregaspere2\/"},"rttpg_comment":0,"rttpg_category":"<a href=\"https:\/\/fabregaspere.com\/blog2\/category\/tipos\/16-entrevista-video\/\" rel=\"category tag\">a16. Entrevista televisi\u00f3n<\/a> <a href=\"https:\/\/fabregaspere.com\/blog2\/category\/temas\/25-historia-pere-a-fabregas\/\" rel=\"category tag\">b25. Historia Pere-A. F\u00e0bregas<\/a> <a href=\"https:\/\/fabregaspere.com\/blog2\/category\/idiomas\/01-catalan\/\" rel=\"category tag\">c01. Catal\u00e1n<\/a>","rttpg_excerpt":"Hist\u00f2ria Pere-A. F\u00e0bregas [2014.05.13] Entrevista amb Pere-A. F\u00e0bregas (2014): Llu\u00eds Reales conversa amb Pere F\u00e0bregas, expert en energia i historiador BTV (13 maig 2014) Barcelona Programa: Terr\u00edcoles Periodista: Llu\u00eds Reales Enregistrament: 2014.05.13 Emissi\u00f3: 2014.05.13","_links":{"self":[{"href":"https:\/\/fabregaspere.com\/blog2\/wp-json\/wp\/v2\/posts\/3845","targetHints":{"allow":["GET"]}}],"collection":[{"href":"https:\/\/fabregaspere.com\/blog2\/wp-json\/wp\/v2\/posts"}],"about":[{"href":"https:\/\/fabregaspere.com\/blog2\/wp-json\/wp\/v2\/types\/post"}],"author":[{"embeddable":true,"href":"https:\/\/fabregaspere.com\/blog2\/wp-json\/wp\/v2\/users\/3"}],"replies":[{"embeddable":true,"href":"https:\/\/fabregaspere.com\/blog2\/wp-json\/wp\/v2\/comments?post=3845"}],"version-history":[{"count":11,"href":"https:\/\/fabregaspere.com\/blog2\/wp-json\/wp\/v2\/posts\/3845\/revisions"}],"predecessor-version":[{"id":14593,"href":"https:\/\/fabregaspere.com\/blog2\/wp-json\/wp\/v2\/posts\/3845\/revisions\/14593"}],"wp:attachment":[{"href":"https:\/\/fabregaspere.com\/blog2\/wp-json\/wp\/v2\/media?parent=3845"}],"wp:term":[{"taxonomy":"category","embeddable":true,"href":"https:\/\/fabregaspere.com\/blog2\/wp-json\/wp\/v2\/categories?post=3845"},{"taxonomy":"post_tag","embeddable":true,"href":"https:\/\/fabregaspere.com\/blog2\/wp-json\/wp\/v2\/tags?post=3845"}],"curies":[{"name":"wp","href":"https:\/\/api.w.org\/{rel}","templated":true}]}}