{"id":3887,"date":"2009-07-08T11:16:01","date_gmt":"2009-07-08T09:16:01","guid":{"rendered":"http:\/\/fabregaspere.com\/blog2\/?p=3887"},"modified":"2024-08-19T13:22:33","modified_gmt":"2024-08-19T11:22:33","slug":"entrevista-televisio-el-museu-del-gas-a-sabadell-inici-obres","status":"publish","type":"post","link":"https:\/\/fabregaspere.com\/blog2\/2009\/07\/08\/entrevista-televisio-el-museu-del-gas-a-sabadell-inici-obres\/","title":{"rendered":"[ENTREVISTA TELEVISI\u00d3] El Museu del Gas a Sabadell (inici obres) [Canal Catal\u00e0 Vall\u00e8s][2009.07.08]"},"content":{"rendered":"<div style=\"width: 474px;\" class=\"wp-video\"><!--[if lt IE 9]><script>document.createElement('video');<\/script><![endif]-->\n<video class=\"wp-video-shortcode\" id=\"video-3887-1\" width=\"474\" height=\"356\" poster=\"https:\/\/fabregaspere.com\/blog2\/wp-content\/uploads\/2009\/07\/2009.07.08.poster-video.PF_.jpg\" preload=\"metadata\" controls=\"controls\"><source type=\"video\/mp4\" src=\"https:\/\/fabregaspere.com\/blog2\/wp-content\/uploads\/2009\/07\/2009.07.08.-CANAL-CATALA-VALLES.-Sabadell.-Entrevista-Pere-A.-Fabregas.yt_.mp4?_=1\" \/><a href=\"https:\/\/fabregaspere.com\/blog2\/wp-content\/uploads\/2009\/07\/2009.07.08.-CANAL-CATALA-VALLES.-Sabadell.-Entrevista-Pere-A.-Fabregas.yt_.mp4\">https:\/\/fabregaspere.com\/blog2\/wp-content\/uploads\/2009\/07\/2009.07.08.-CANAL-CATALA-VALLES.-Sabadell.-Entrevista-Pere-A.-Fabregas.yt_.mp4<\/a><\/video><\/div>\n<p><span style=\"text-decoration: underline;\"><span style=\"font-family: verdana, geneva, sans-serif; font-size: 14px;\"><strong>Museus [2009.07.08]<\/strong><\/span><\/span><\/p>\n<p><span style=\"font-family: verdana, geneva, sans-serif; font-size: 14px;\"><strong>Entrevista amb Pere-A. F\u00e0bregas (2009): <em>El Museu del Gas a Sabadell (inici obres)<\/em><\/strong><\/span><\/p>\n<p><span style=\"font-family: verdana, geneva, sans-serif; font-size: 14px;\"><strong>Canal Catal\u00e0 Vall\u00e8s (8 juliol 2009) Sabadell<\/strong><\/span><br \/>\n<span style=\"font-family: verdana, geneva, sans-serif; font-size: 14px;\"><strong>Programa: Sabadell Actual<\/strong><\/span><br \/>\n<span style=\"font-family: verdana, geneva, sans-serif; font-size: 14px;\"><strong>Enregistrament: 2009.06.19<\/strong><\/span><br \/>\n<span style=\"font-family: verdana, geneva, sans-serif; font-size: 14px;\"><strong>Emissi\u00f3: 2009.07.08<\/strong><\/span><\/p>\n","protected":false},"excerpt":{"rendered":"<p>Museus [2009.07.08] Entrevista amb Pere-A. F\u00e0bregas (2009): El Museu del Gas a Sabadell (inici obres) Canal Catal\u00e0 Vall\u00e8s (8 juliol 2009) Sabadell Programa: Sabadell Actual Enregistrament: 2009.06.19 Emissi\u00f3: 2009.07.08<\/p>\n","protected":false},"author":3,"featured_media":0,"comment_status":"closed","ping_status":"open","sticky":false,"template":"","format":"aside","meta":{"footnotes":""},"categories":[19,43,138],"tags":[48],"class_list":["post-3887","post","type-post","status-publish","format-aside","hentry","category-16-entrevista-video","category-23-museos","category-01-catalan","tag-sabadell","post_format-post-format-aside"],"rttpg_featured_image_url":null,"rttpg_author":{"display_name":"Pere-A. F\u00e0bregas","author_link":"https:\/\/fabregaspere.com\/blog2\/author\/fabregaspere2\/"},"rttpg_comment":0,"rttpg_category":"<a href=\"https:\/\/fabregaspere.com\/blog2\/category\/tipos\/16-entrevista-video\/\" rel=\"category tag\">a16. Entrevista televisi\u00f3n<\/a> <a href=\"https:\/\/fabregaspere.com\/blog2\/category\/temas\/23-museos\/\" rel=\"category tag\">b23. Museos<\/a> <a href=\"https:\/\/fabregaspere.com\/blog2\/category\/idiomas\/01-catalan\/\" rel=\"category tag\">c01. Catal\u00e1n<\/a>","rttpg_excerpt":"Museus [2009.07.08] Entrevista amb Pere-A. F\u00e0bregas (2009): El Museu del Gas a Sabadell (inici obres) Canal Catal\u00e0 Vall\u00e8s (8 juliol 2009) Sabadell Programa: Sabadell Actual Enregistrament: 2009.06.19 Emissi\u00f3: 2009.07.08","_links":{"self":[{"href":"https:\/\/fabregaspere.com\/blog2\/wp-json\/wp\/v2\/posts\/3887","targetHints":{"allow":["GET"]}}],"collection":[{"href":"https:\/\/fabregaspere.com\/blog2\/wp-json\/wp\/v2\/posts"}],"about":[{"href":"https:\/\/fabregaspere.com\/blog2\/wp-json\/wp\/v2\/types\/post"}],"author":[{"embeddable":true,"href":"https:\/\/fabregaspere.com\/blog2\/wp-json\/wp\/v2\/users\/3"}],"replies":[{"embeddable":true,"href":"https:\/\/fabregaspere.com\/blog2\/wp-json\/wp\/v2\/comments?post=3887"}],"version-history":[{"count":11,"href":"https:\/\/fabregaspere.com\/blog2\/wp-json\/wp\/v2\/posts\/3887\/revisions"}],"predecessor-version":[{"id":14515,"href":"https:\/\/fabregaspere.com\/blog2\/wp-json\/wp\/v2\/posts\/3887\/revisions\/14515"}],"wp:attachment":[{"href":"https:\/\/fabregaspere.com\/blog2\/wp-json\/wp\/v2\/media?parent=3887"}],"wp:term":[{"taxonomy":"category","embeddable":true,"href":"https:\/\/fabregaspere.com\/blog2\/wp-json\/wp\/v2\/categories?post=3887"},{"taxonomy":"post_tag","embeddable":true,"href":"https:\/\/fabregaspere.com\/blog2\/wp-json\/wp\/v2\/tags?post=3887"}],"curies":[{"name":"wp","href":"https:\/\/api.w.org\/{rel}","templated":true}]}}