{"id":3896,"date":"2011-05-10T02:00:19","date_gmt":"2011-05-10T00:00:19","guid":{"rendered":"http:\/\/fabregaspere.com\/blog2\/?p=3896"},"modified":"2024-08-19T13:34:00","modified_gmt":"2024-08-19T11:34:00","slug":"entrevista-television-la-eficiencia-energetica-en-el-alumbrado","status":"publish","type":"post","link":"https:\/\/fabregaspere.com\/blog2\/2011\/05\/10\/entrevista-television-la-eficiencia-energetica-en-el-alumbrado\/","title":{"rendered":"[ENTREVISTA TELEVISI\u00d3N] La eficiencia energ\u00e9tica en el alumbrado [Canal7RM Murcia][2011.05.10]"},"content":{"rendered":"<div style=\"width: 474px;\" class=\"wp-video\"><!--[if lt IE 9]><script>document.createElement('video');<\/script><![endif]-->\n<video class=\"wp-video-shortcode\" id=\"video-3896-1\" width=\"474\" height=\"269\" poster=\"https:\/\/fabregaspere.com\/blog2\/wp-content\/uploads\/2011\/05\/2011.05.10.poster-video.jpg\" preload=\"metadata\" controls=\"controls\"><source type=\"video\/mp4\" src=\"https:\/\/fabregaspere.com\/blog2\/wp-content\/uploads\/2011\/05\/2011.05.10.-CANAL-7RM-Murcia.-entrevista-Pere-A.-Fabregas.yt_.mp4?_=1\" \/><a href=\"https:\/\/fabregaspere.com\/blog2\/wp-content\/uploads\/2011\/05\/2011.05.10.-CANAL-7RM-Murcia.-entrevista-Pere-A.-Fabregas.yt_.mp4\">https:\/\/fabregaspere.com\/blog2\/wp-content\/uploads\/2011\/05\/2011.05.10.-CANAL-7RM-Murcia.-entrevista-Pere-A.-Fabregas.yt_.mp4<\/a><\/video><\/div>\n<p><span style=\"text-decoration: underline;\"><span style=\"font-family: verdana, geneva, sans-serif; font-size: 14px;\"><strong>Medio ambiente [2011.05.10]<\/strong><\/span><\/span><\/p>\n<p><span style=\"font-family: verdana, geneva, sans-serif; font-size: 14px;\"><strong>Entrevista con Pere-A. F\u00e0bregas (2011): <em>La eficiencia energ\u00e9tica en el alumbrado<\/em><\/strong><\/span><\/p>\n<p><span style=\"font-family: verdana, geneva, sans-serif; font-size: 14px;\"><strong>Canal7RM Murcia (10 mayo 2011) Murcia<\/strong><\/span><br \/>\n<span style=\"font-family: verdana, geneva, sans-serif; font-size: 14px;\"><strong>Grabaci\u00f3n \/ Emisi\u00f3n: 2010.05.10<\/strong><\/span><\/p>\n<p>&nbsp;<\/p>\n","protected":false},"excerpt":{"rendered":"<p>Medio ambiente [2011.05.10] Entrevista con Pere-A. F\u00e0bregas (2011): La eficiencia energ\u00e9tica en el alumbrado Canal7RM Murcia (10 mayo 2011) Murcia Grabaci\u00f3n \/ Emisi\u00f3n: 2010.05.10 &nbsp;<\/p>\n","protected":false},"author":3,"featured_media":0,"comment_status":"closed","ping_status":"open","sticky":false,"template":"","format":"aside","meta":{"footnotes":""},"categories":[19,35,139],"tags":[58],"class_list":["post-3896","post","type-post","status-publish","format-aside","hentry","category-16-entrevista-video","category-04-medio-ambiente","category-02-espanol","tag-murcia","post_format-post-format-aside"],"rttpg_featured_image_url":null,"rttpg_author":{"display_name":"Pere-A. F\u00e0bregas","author_link":"https:\/\/fabregaspere.com\/blog2\/author\/fabregaspere2\/"},"rttpg_comment":0,"rttpg_category":"<a href=\"https:\/\/fabregaspere.com\/blog2\/category\/tipos\/16-entrevista-video\/\" rel=\"category tag\">a16. Entrevista televisi\u00f3n<\/a> <a href=\"https:\/\/fabregaspere.com\/blog2\/category\/temas\/04-medio-ambiente\/\" rel=\"category tag\">b04. Medio Ambiente<\/a> <a href=\"https:\/\/fabregaspere.com\/blog2\/category\/idiomas\/02-espanol\/\" rel=\"category tag\">c02. Espa\u00f1ol<\/a>","rttpg_excerpt":"Medio ambiente [2011.05.10] Entrevista con Pere-A. F\u00e0bregas (2011): La eficiencia energ\u00e9tica en el alumbrado Canal7RM Murcia (10 mayo 2011) Murcia Grabaci\u00f3n \/ Emisi\u00f3n: 2010.05.10 &nbsp;","_links":{"self":[{"href":"https:\/\/fabregaspere.com\/blog2\/wp-json\/wp\/v2\/posts\/3896","targetHints":{"allow":["GET"]}}],"collection":[{"href":"https:\/\/fabregaspere.com\/blog2\/wp-json\/wp\/v2\/posts"}],"about":[{"href":"https:\/\/fabregaspere.com\/blog2\/wp-json\/wp\/v2\/types\/post"}],"author":[{"embeddable":true,"href":"https:\/\/fabregaspere.com\/blog2\/wp-json\/wp\/v2\/users\/3"}],"replies":[{"embeddable":true,"href":"https:\/\/fabregaspere.com\/blog2\/wp-json\/wp\/v2\/comments?post=3896"}],"version-history":[{"count":8,"href":"https:\/\/fabregaspere.com\/blog2\/wp-json\/wp\/v2\/posts\/3896\/revisions"}],"predecessor-version":[{"id":14533,"href":"https:\/\/fabregaspere.com\/blog2\/wp-json\/wp\/v2\/posts\/3896\/revisions\/14533"}],"wp:attachment":[{"href":"https:\/\/fabregaspere.com\/blog2\/wp-json\/wp\/v2\/media?parent=3896"}],"wp:term":[{"taxonomy":"category","embeddable":true,"href":"https:\/\/fabregaspere.com\/blog2\/wp-json\/wp\/v2\/categories?post=3896"},{"taxonomy":"post_tag","embeddable":true,"href":"https:\/\/fabregaspere.com\/blog2\/wp-json\/wp\/v2\/tags?post=3896"}],"curies":[{"name":"wp","href":"https:\/\/api.w.org\/{rel}","templated":true}]}}