{"id":3899,"date":"2011-06-08T00:01:54","date_gmt":"2011-06-07T22:01:54","guid":{"rendered":"http:\/\/fabregaspere.com\/blog2\/?p=3899"},"modified":"2024-08-19T13:35:39","modified_gmt":"2024-08-19T11:35:39","slug":"entrevista-television-las-empresas-de-servicios-energeticos","status":"publish","type":"post","link":"https:\/\/fabregaspere.com\/blog2\/2011\/06\/08\/entrevista-television-las-empresas-de-servicios-energeticos\/","title":{"rendered":"[ENTREVISTA TELEVISI\u00d3N] Las empresas de servicios energ\u00e9ticos [Canal Sur M\u00e1laga][2011.06.08.a]"},"content":{"rendered":"<div style=\"width: 320px;\" class=\"wp-video\"><!--[if lt IE 9]><script>document.createElement('video');<\/script><![endif]-->\n<video class=\"wp-video-shortcode\" id=\"video-3899-1\" width=\"320\" height=\"240\" poster=\"https:\/\/fabregaspere.com\/blog2\/wp-content\/uploads\/2011\/06\/2011.06.08.a.poster-video.jpg\" preload=\"metadata\" controls=\"controls\"><source type=\"video\/mp4\" src=\"https:\/\/fabregaspere.com\/blog2\/wp-content\/uploads\/2011\/06\/2011.06.08.a.CANAL-SUR-Malaga.-Entrevista-Pere-A.-Fabregas.yt_.mp4?_=1\" \/><a href=\"https:\/\/fabregaspere.com\/blog2\/wp-content\/uploads\/2011\/06\/2011.06.08.a.CANAL-SUR-Malaga.-Entrevista-Pere-A.-Fabregas.yt_.mp4\">https:\/\/fabregaspere.com\/blog2\/wp-content\/uploads\/2011\/06\/2011.06.08.a.CANAL-SUR-Malaga.-Entrevista-Pere-A.-Fabregas.yt_.mp4<\/a><\/video><\/div>\n<p><span style=\"text-decoration: underline;\"><span style=\"font-family: verdana, geneva, sans-serif; font-size: 14px;\"><strong>Medio ambiente [2011.06.08.a]<\/strong><\/span><\/span><\/p>\n<p><span style=\"font-family: verdana, geneva, sans-serif; font-size: 14px;\"><strong>Entrevista con Pere-A. F\u00e0bregas (2011): <em>Las empresas de servicios energ\u00e9ticos<\/em><\/strong><\/span><\/p>\n<p><span style=\"font-family: verdana, geneva, sans-serif; font-size: 14px;\"><strong>Canal Sur M\u00e1laga (8 junio 2011) M\u00e1laga<\/strong><\/span><br \/>\n<span style=\"font-family: verdana, geneva, sans-serif; font-size: 14px;\"><strong>Programa: Informativo (mediod\u00eda y noche)<\/strong><\/span><br \/>\n<span style=\"font-family: verdana, geneva, sans-serif; font-size: 14px;\"><strong>Grabaci\u00f3n \/ Emisi\u00f3n: 2011.06.08<\/strong><\/span><\/p>\n","protected":false},"excerpt":{"rendered":"<p>Medio ambiente [2011.06.08.a] Entrevista con Pere-A. F\u00e0bregas (2011): Las empresas de servicios energ\u00e9ticos Canal Sur M\u00e1laga (8 junio 2011) M\u00e1laga Programa: Informativo (mediod\u00eda y noche) Grabaci\u00f3n \/ Emisi\u00f3n: 2011.06.08<\/p>\n","protected":false},"author":3,"featured_media":0,"comment_status":"closed","ping_status":"open","sticky":false,"template":"","format":"aside","meta":{"footnotes":""},"categories":[19,35,139],"tags":[80],"class_list":["post-3899","post","type-post","status-publish","format-aside","hentry","category-16-entrevista-video","category-04-medio-ambiente","category-02-espanol","tag-malaga","post_format-post-format-aside"],"rttpg_featured_image_url":null,"rttpg_author":{"display_name":"Pere-A. F\u00e0bregas","author_link":"https:\/\/fabregaspere.com\/blog2\/author\/fabregaspere2\/"},"rttpg_comment":0,"rttpg_category":"<a href=\"https:\/\/fabregaspere.com\/blog2\/category\/tipos\/16-entrevista-video\/\" rel=\"category tag\">a16. Entrevista televisi\u00f3n<\/a> <a href=\"https:\/\/fabregaspere.com\/blog2\/category\/temas\/04-medio-ambiente\/\" rel=\"category tag\">b04. Medio Ambiente<\/a> <a href=\"https:\/\/fabregaspere.com\/blog2\/category\/idiomas\/02-espanol\/\" rel=\"category tag\">c02. Espa\u00f1ol<\/a>","rttpg_excerpt":"Medio ambiente [2011.06.08.a] Entrevista con Pere-A. F\u00e0bregas (2011): Las empresas de servicios energ\u00e9ticos Canal Sur M\u00e1laga (8 junio 2011) M\u00e1laga Programa: Informativo (mediod\u00eda y noche) Grabaci\u00f3n \/ Emisi\u00f3n: 2011.06.08","_links":{"self":[{"href":"https:\/\/fabregaspere.com\/blog2\/wp-json\/wp\/v2\/posts\/3899","targetHints":{"allow":["GET"]}}],"collection":[{"href":"https:\/\/fabregaspere.com\/blog2\/wp-json\/wp\/v2\/posts"}],"about":[{"href":"https:\/\/fabregaspere.com\/blog2\/wp-json\/wp\/v2\/types\/post"}],"author":[{"embeddable":true,"href":"https:\/\/fabregaspere.com\/blog2\/wp-json\/wp\/v2\/users\/3"}],"replies":[{"embeddable":true,"href":"https:\/\/fabregaspere.com\/blog2\/wp-json\/wp\/v2\/comments?post=3899"}],"version-history":[{"count":8,"href":"https:\/\/fabregaspere.com\/blog2\/wp-json\/wp\/v2\/posts\/3899\/revisions"}],"predecessor-version":[{"id":14536,"href":"https:\/\/fabregaspere.com\/blog2\/wp-json\/wp\/v2\/posts\/3899\/revisions\/14536"}],"wp:attachment":[{"href":"https:\/\/fabregaspere.com\/blog2\/wp-json\/wp\/v2\/media?parent=3899"}],"wp:term":[{"taxonomy":"category","embeddable":true,"href":"https:\/\/fabregaspere.com\/blog2\/wp-json\/wp\/v2\/categories?post=3899"},{"taxonomy":"post_tag","embeddable":true,"href":"https:\/\/fabregaspere.com\/blog2\/wp-json\/wp\/v2\/tags?post=3899"}],"curies":[{"name":"wp","href":"https:\/\/api.w.org\/{rel}","templated":true}]}}