{"id":390,"date":"1989-06-01T21:48:30","date_gmt":"1989-06-01T19:48:30","guid":{"rendered":"http:\/\/fabregaspere.com\/blog2\/?p=390"},"modified":"2025-09-10T10:33:07","modified_gmt":"2025-09-10T08:33:07","slug":"publicaciones-un-planteamiento-multinacional-en-el-siglo-xix-140-anos-de-historia-en-la-industria-del-gas-en-malaga-tercera-parte","status":"publish","type":"post","link":"https:\/\/fabregaspere.com\/blog2\/1989\/06\/01\/publicaciones-un-planteamiento-multinacional-en-el-siglo-xix-140-anos-de-historia-en-la-industria-del-gas-en-malaga-tercera-parte\/","title":{"rendered":"[ART\u00cdCULO REVISTA] Un planteamiento multinacional en el siglo XIX: 140 a\u00f1os de historia en la industria del gas en M\u00e1laga [III] [1989.06.01]"},"content":{"rendered":"<p><span style=\"text-decoration: underline;\"><strong><a href=\"https:\/\/fabregaspere.com\/blog2\/wp-content\/uploads\/2023\/08\/1989.06.01.CdH_.Gas-Malaga.3.jpg\"><img loading=\"lazy\" decoding=\"async\" class=\"alignleft wp-image-10345 size-medium\" src=\"https:\/\/fabregaspere.com\/blog2\/wp-content\/uploads\/2023\/08\/1989.06.01.CdH_.Gas-Malaga.3-211x300.jpg\" alt=\"\" width=\"218\" height=\"310\" srcset=\"https:\/\/fabregaspere.com\/blog2\/wp-content\/uploads\/2023\/08\/1989.06.01.CdH_.Gas-Malaga.3-211x300.jpg 211w, https:\/\/fabregaspere.com\/blog2\/wp-content\/uploads\/2023\/08\/1989.06.01.CdH_.Gas-Malaga.3-106x150.jpg 106w, https:\/\/fabregaspere.com\/blog2\/wp-content\/uploads\/2023\/08\/1989.06.01.CdH_.Gas-Malaga.3.jpg 394w\" sizes=\"auto, (max-width: 218px) 100vw, 218px\" \/><\/a><\/strong><strong><span style=\"font-family: verdana, geneva, sans-serif; font-size: 14px;\">Historia Gas [1989.06.01]<\/span><\/strong><\/span><\/p>\n<p><span style=\"font-family: verdana, geneva, sans-serif; font-size: 14px;\"><strong>F\u00c0BREGAS, Pere-A. (1989): \u00abUn planteamiento multinacional en el siglo XIX: 140 a\u00f1os de historia en la industria del gas en M\u00e1laga (tercera parte)\u00bb<\/strong><\/span><\/p>\n<p><span style=\"font-family: verdana, geneva, sans-serif; font-size: 14px;\"><strong>en Catalana de Gas:\u00a0<em>Cuadernos de Historia<\/em> (Barcelona), n. 5 (III) (junio 1989), pp. 1\/38<\/strong><\/span><\/p>\n<p style=\"padding-left: 240px;\"><span style=\"font-family: verdana, geneva, sans-serif; font-size: 14px;\"><strong><a href=\"https:\/\/fabregaspere.com\/blog2\/wp-content\/uploads\/2023\/08\/1989.06.01.CdH_.Gas-Malaga.3.pdf\" target=\"_blank\" rel=\"noopener\">Descargar PDF<\/a><\/strong><\/span><\/p>\n<p>&nbsp;<\/p>\n","protected":false},"excerpt":{"rendered":"<p>Historia Gas [1989.06.01] F\u00c0BREGAS, Pere-A. (1989): \u00abUn planteamiento multinacional en el siglo XIX: 140 a\u00f1os de historia en la industria del gas en M\u00e1laga (tercera parte)\u00bb en Catalana de Gas:\u00a0Cuadernos de Historia (Barcelona), n. 5 (III) (junio 1989), pp. 1\/38 Descargar PDF &nbsp;<\/p>\n","protected":false},"author":3,"featured_media":0,"comment_status":"closed","ping_status":"open","sticky":false,"template":"","format":"aside","meta":{"footnotes":""},"categories":[11,33,139],"tags":[50],"class_list":["post-390","post","type-post","status-publish","format-aside","hentry","category-08-articulo-revista","category-09-historia-gas","category-02-espanol","tag-barcelona","post_format-post-format-aside"],"rttpg_featured_image_url":null,"rttpg_author":{"display_name":"Pere-A. F\u00e0bregas","author_link":"https:\/\/fabregaspere.com\/blog2\/author\/fabregaspere2\/"},"rttpg_comment":0,"rttpg_category":"<a href=\"https:\/\/fabregaspere.com\/blog2\/category\/tipos\/08-articulo-revista\/\" rel=\"category tag\">a08. Art\u00edculo revista<\/a> <a href=\"https:\/\/fabregaspere.com\/blog2\/category\/temas\/09-historia-gas\/\" rel=\"category tag\">b09. Historia Gas<\/a> <a href=\"https:\/\/fabregaspere.com\/blog2\/category\/idiomas\/02-espanol\/\" rel=\"category tag\">c02. Espa\u00f1ol<\/a>","rttpg_excerpt":"Historia Gas [1989.06.01] F\u00c0BREGAS, Pere-A. (1989): \u00abUn planteamiento multinacional en el siglo XIX: 140 a\u00f1os de historia en la industria del gas en M\u00e1laga (tercera parte)\u00bb en Catalana de Gas:\u00a0Cuadernos de Historia (Barcelona), n. 5 (III) (junio 1989), pp. 1\/38 Descargar PDF &nbsp;","_links":{"self":[{"href":"https:\/\/fabregaspere.com\/blog2\/wp-json\/wp\/v2\/posts\/390","targetHints":{"allow":["GET"]}}],"collection":[{"href":"https:\/\/fabregaspere.com\/blog2\/wp-json\/wp\/v2\/posts"}],"about":[{"href":"https:\/\/fabregaspere.com\/blog2\/wp-json\/wp\/v2\/types\/post"}],"author":[{"embeddable":true,"href":"https:\/\/fabregaspere.com\/blog2\/wp-json\/wp\/v2\/users\/3"}],"replies":[{"embeddable":true,"href":"https:\/\/fabregaspere.com\/blog2\/wp-json\/wp\/v2\/comments?post=390"}],"version-history":[{"count":13,"href":"https:\/\/fabregaspere.com\/blog2\/wp-json\/wp\/v2\/posts\/390\/revisions"}],"predecessor-version":[{"id":16745,"href":"https:\/\/fabregaspere.com\/blog2\/wp-json\/wp\/v2\/posts\/390\/revisions\/16745"}],"wp:attachment":[{"href":"https:\/\/fabregaspere.com\/blog2\/wp-json\/wp\/v2\/media?parent=390"}],"wp:term":[{"taxonomy":"category","embeddable":true,"href":"https:\/\/fabregaspere.com\/blog2\/wp-json\/wp\/v2\/categories?post=390"},{"taxonomy":"post_tag","embeddable":true,"href":"https:\/\/fabregaspere.com\/blog2\/wp-json\/wp\/v2\/tags?post=390"}],"curies":[{"name":"wp","href":"https:\/\/api.w.org\/{rel}","templated":true}]}}