{"id":4166,"date":"2014-10-22T01:44:49","date_gmt":"2014-10-21T23:44:49","guid":{"rendered":"http:\/\/fabregaspere.com\/blog2\/?p=4166"},"modified":"2025-09-11T12:38:00","modified_gmt":"2025-09-11T10:38:00","slug":"compareixenca-parlament-proposicio-de-llei-de-transparencia-acces-a-la-informacio-publica-i-bon-govern","status":"publish","type":"post","link":"https:\/\/fabregaspere.com\/blog2\/2014\/10\/22\/compareixenca-parlament-proposicio-de-llei-de-transparencia-acces-a-la-informacio-publica-i-bon-govern\/","title":{"rendered":"[COMPAREIXEN\u00c7A PARLAMENT\u00c0RIA] Proposici\u00f3 Llei de Transpar\u00e8ncia. [Compareixen\u00e7a][2014.10.22.a]"},"content":{"rendered":"<p><span style=\"text-decoration: underline;\"><strong><span style=\"font-family: arial, helvetica, sans-serif;\">COMPAREIXEN\u00c7A PARLAMENT\u00c0RIA [2014.10.22.a]<\/span><\/strong><\/span><\/p>\n<p><strong><span style=\"font-family: arial, helvetica, sans-serif; font-size: 16px;\">Proposici\u00f3 Llei de Transpar\u00e8ncia, acc\u00e9s a la informaci\u00f3 i bon govern.<\/span><\/strong><\/p>\n<p><em><strong><span style=\"font-family: arial, helvetica, sans-serif; font-size: 16px;\">Pere-A. F\u00c0BREGAS<\/span><\/strong><strong><span style=\"font-family: arial, helvetica, sans-serif; font-size: 16px;\">. Compareixen\u00e7a<\/span><\/strong><\/em><\/p>\n<p><strong><span style=\"font-family: arial, helvetica, sans-serif; font-size: 16px;\">Parlament de Catalunya<\/span><\/strong><br \/>\n<strong><span style=\"font-family: arial, helvetica, sans-serif; font-size: 16px;\">Comissi\u00f3 d&#8217;Afers Institucionals<\/span><\/strong><\/p>\n<p><strong><span style=\"font-family: arial, helvetica, sans-serif; font-size: 16px;\">[Canal Parlament]<\/span><\/strong><\/p>\n","protected":false},"excerpt":{"rendered":"<p>COMPAREIXEN\u00c7A PARLAMENT\u00c0RIA [2014.10.22.a] Proposici\u00f3 Llei de Transpar\u00e8ncia, acc\u00e9s a la informaci\u00f3 i bon govern. Pere-A. F\u00c0BREGAS. Compareixen\u00e7a Parlament de Catalunya Comissi\u00f3 d&#8217;Afers Institucionals [Canal Parlament]<\/p>\n","protected":false},"author":3,"featured_media":4185,"comment_status":"closed","ping_status":"open","sticky":false,"template":"","format":"standard","meta":{"footnotes":""},"categories":[117,34,138],"tags":[50],"class_list":["post-4166","post","type-post","status-publish","format-standard","has-post-thumbnail","hentry","category-24-comparecencia-parlamentaria","category-05-fundaciones","category-01-catalan","tag-barcelona"],"rttpg_featured_image_url":{"full":["https:\/\/fabregaspere.com\/blog2\/wp-content\/uploads\/2014\/10\/2014.10.22.imagen-destacada.jpg",1024,576,false],"landscape":["https:\/\/fabregaspere.com\/blog2\/wp-content\/uploads\/2014\/10\/2014.10.22.imagen-destacada.jpg",1024,576,false],"portraits":["https:\/\/fabregaspere.com\/blog2\/wp-content\/uploads\/2014\/10\/2014.10.22.imagen-destacada.jpg",1024,576,false],"thumbnail":["https:\/\/fabregaspere.com\/blog2\/wp-content\/uploads\/2014\/10\/2014.10.22.imagen-destacada-150x84.jpg",150,84,true],"medium":["https:\/\/fabregaspere.com\/blog2\/wp-content\/uploads\/2014\/10\/2014.10.22.imagen-destacada-300x168.jpg",300,168,true],"large":["https:\/\/fabregaspere.com\/blog2\/wp-content\/uploads\/2014\/10\/2014.10.22.imagen-destacada.jpg",474,267,false],"1536x1536":["https:\/\/fabregaspere.com\/blog2\/wp-content\/uploads\/2014\/10\/2014.10.22.imagen-destacada.jpg",1024,576,false],"2048x2048":["https:\/\/fabregaspere.com\/blog2\/wp-content\/uploads\/2014\/10\/2014.10.22.imagen-destacada.jpg",1024,576,false],"post-thumbnail":["https:\/\/fabregaspere.com\/blog2\/wp-content\/uploads\/2014\/10\/2014.10.22.imagen-destacada-672x372.jpg",672,372,true],"twentyfourteen-full-width":["https:\/\/fabregaspere.com\/blog2\/wp-content\/uploads\/2014\/10\/2014.10.22.imagen-destacada.jpg",1024,576,false]},"rttpg_author":{"display_name":"Pere-A. F\u00e0bregas","author_link":"https:\/\/fabregaspere.com\/blog2\/author\/fabregaspere2\/"},"rttpg_comment":0,"rttpg_category":"<a href=\"https:\/\/fabregaspere.com\/blog2\/category\/tipos\/24-comparecencia-parlamentaria\/\" rel=\"category tag\">a24. Comparecencia parlamentaria<\/a> <a href=\"https:\/\/fabregaspere.com\/blog2\/category\/temas\/05-fundaciones\/\" rel=\"category tag\">b05. Fundaciones<\/a> <a href=\"https:\/\/fabregaspere.com\/blog2\/category\/idiomas\/01-catalan\/\" rel=\"category tag\">c01. Catal\u00e1n<\/a>","rttpg_excerpt":"COMPAREIXEN\u00c7A PARLAMENT\u00c0RIA [2014.10.22.a] Proposici\u00f3 Llei de Transpar\u00e8ncia, acc\u00e9s a la informaci\u00f3 i bon govern. Pere-A. F\u00c0BREGAS. Compareixen\u00e7a Parlament de Catalunya Comissi\u00f3 d&#8217;Afers Institucionals [Canal Parlament]","_links":{"self":[{"href":"https:\/\/fabregaspere.com\/blog2\/wp-json\/wp\/v2\/posts\/4166","targetHints":{"allow":["GET"]}}],"collection":[{"href":"https:\/\/fabregaspere.com\/blog2\/wp-json\/wp\/v2\/posts"}],"about":[{"href":"https:\/\/fabregaspere.com\/blog2\/wp-json\/wp\/v2\/types\/post"}],"author":[{"embeddable":true,"href":"https:\/\/fabregaspere.com\/blog2\/wp-json\/wp\/v2\/users\/3"}],"replies":[{"embeddable":true,"href":"https:\/\/fabregaspere.com\/blog2\/wp-json\/wp\/v2\/comments?post=4166"}],"version-history":[{"count":22,"href":"https:\/\/fabregaspere.com\/blog2\/wp-json\/wp\/v2\/posts\/4166\/revisions"}],"predecessor-version":[{"id":16898,"href":"https:\/\/fabregaspere.com\/blog2\/wp-json\/wp\/v2\/posts\/4166\/revisions\/16898"}],"wp:featuredmedia":[{"embeddable":true,"href":"https:\/\/fabregaspere.com\/blog2\/wp-json\/wp\/v2\/media\/4185"}],"wp:attachment":[{"href":"https:\/\/fabregaspere.com\/blog2\/wp-json\/wp\/v2\/media?parent=4166"}],"wp:term":[{"taxonomy":"category","embeddable":true,"href":"https:\/\/fabregaspere.com\/blog2\/wp-json\/wp\/v2\/categories?post=4166"},{"taxonomy":"post_tag","embeddable":true,"href":"https:\/\/fabregaspere.com\/blog2\/wp-json\/wp\/v2\/tags?post=4166"}],"curies":[{"name":"wp","href":"https:\/\/api.w.org\/{rel}","templated":true}]}}