{"id":4190,"date":"2014-10-20T00:00:14","date_gmt":"2014-10-19T22:00:14","guid":{"rendered":"http:\/\/fabregaspere.com\/blog2\/?p=4190"},"modified":"2025-12-12T20:17:40","modified_gmt":"2025-12-12T19:17:40","slug":"ponencia-pere-duran-farell-industrial-i-politic","status":"publish","type":"post","link":"https:\/\/fabregaspere.com\/blog2\/2014\/10\/20\/ponencia-pere-duran-farell-industrial-i-politic\/","title":{"rendered":"[PON\u00c8NCIA] Pere Duran Farell, industrial i pol\u00edtic [2014.10.20]"},"content":{"rendered":"<div style=\"width: 474px;\" class=\"wp-video\"><!--[if lt IE 9]><script>document.createElement('video');<\/script><![endif]-->\n<video class=\"wp-video-shortcode\" id=\"video-4190-1\" width=\"474\" height=\"356\" poster=\"https:\/\/fabregaspere.com\/blog2\/wp-content\/uploads\/2014\/10\/2014.10.20.imagen-destacada.jpg\" preload=\"metadata\" controls=\"controls\"><source type=\"video\/mp4\" src=\"https:\/\/fabregaspere.com\/blog2\/wp-content\/uploads\/2024\/08\/2014.10.20.-AMCTAIC.-Ponencia-Pere-A-Fabregas-Pere-Duran-Far.mp4?_=1\" \/><a href=\"https:\/\/fabregaspere.com\/blog2\/wp-content\/uploads\/2024\/08\/2014.10.20.-AMCTAIC.-Ponencia-Pere-A-Fabregas-Pere-Duran-Far.mp4\">https:\/\/fabregaspere.com\/blog2\/wp-content\/uploads\/2024\/08\/2014.10.20.-AMCTAIC.-Ponencia-Pere-A-Fabregas-Pere-Duran-Far.mp4<\/a><\/video><\/div>\n<p><span style=\"text-decoration: underline;\"><span style=\"font-family: verdana, geneva, sans-serif; font-size: 14px;\"><strong>Hist\u00f2ria Pere Duran Farell [2014.10.20]<\/strong><\/span><\/span><\/p>\n<p><span style=\"font-family: verdana, geneva, sans-serif; font-size: 14px;\"><strong>F\u00c0BREGAS. Pere-A. (2014): <em>Pere Duran Farell, industrial i pol\u00edtic<\/em><\/strong><\/span><\/p>\n<p><span style=\"font-family: verdana, geneva, sans-serif; font-size: 14px;\"><strong>AMCTAIC. For\u00f9m Patrimoni Industrial<\/strong><\/span><\/p>\n<p><span style=\"font-family: verdana, geneva, sans-serif; font-size: 14px;\"><strong>Auditori Pompeu Fabra. Col.legi d\u2019Enginyers Industrials de Catalunya. Barcelona<\/strong><\/span><\/p>\n<p><span style=\"font-family: verdana, geneva, sans-serif; font-size: 14px;\"><strong><a href=\"https:\/\/fabregaspere.com\/blog2\/wp-content\/uploads\/2014\/10\/2014.10.20.AMCTAIC.Forum-PI.-Pere-Duran-Farell.pdf\" target=\"_blank\" rel=\"noopener\">Descarregar PDF<\/a><\/strong><\/span><\/p>\n","protected":false},"excerpt":{"rendered":"<p>Hist\u00f2ria Pere Duran Farell [2014.10.20] F\u00c0BREGAS. Pere-A. (2014): Pere Duran Farell, industrial i pol\u00edtic AMCTAIC. For\u00f9m Patrimoni Industrial Auditori Pompeu Fabra. Col.legi d\u2019Enginyers Industrials de Catalunya. Barcelona Descarregar PDF<\/p>\n","protected":false},"author":3,"featured_media":0,"comment_status":"closed","ping_status":"open","sticky":false,"template":"","format":"aside","meta":{"footnotes":""},"categories":[20,121,138],"tags":[50],"class_list":["post-4190","post","type-post","status-publish","format-aside","hentry","category-17-ponencia","category-24-historia-pere-duran-farell","category-01-catalan","tag-barcelona","post_format-post-format-aside"],"rttpg_featured_image_url":null,"rttpg_author":{"display_name":"Pere-A. F\u00e0bregas","author_link":"https:\/\/fabregaspere.com\/blog2\/author\/fabregaspere2\/"},"rttpg_comment":0,"rttpg_category":"<a href=\"https:\/\/fabregaspere.com\/blog2\/category\/tipos\/17-ponencia\/\" rel=\"category tag\">a17. Ponencia<\/a> <a href=\"https:\/\/fabregaspere.com\/blog2\/category\/temas\/24-historia-pere-duran-farell\/\" rel=\"category tag\">b24. Historia Pere Duran Farell<\/a> <a href=\"https:\/\/fabregaspere.com\/blog2\/category\/idiomas\/01-catalan\/\" rel=\"category tag\">c01. Catal\u00e1n<\/a>","rttpg_excerpt":"Hist\u00f2ria Pere Duran Farell [2014.10.20] F\u00c0BREGAS. Pere-A. (2014): Pere Duran Farell, industrial i pol\u00edtic AMCTAIC. For\u00f9m Patrimoni Industrial Auditori Pompeu Fabra. Col.legi d\u2019Enginyers Industrials de Catalunya. Barcelona Descarregar PDF","_links":{"self":[{"href":"https:\/\/fabregaspere.com\/blog2\/wp-json\/wp\/v2\/posts\/4190","targetHints":{"allow":["GET"]}}],"collection":[{"href":"https:\/\/fabregaspere.com\/blog2\/wp-json\/wp\/v2\/posts"}],"about":[{"href":"https:\/\/fabregaspere.com\/blog2\/wp-json\/wp\/v2\/types\/post"}],"author":[{"embeddable":true,"href":"https:\/\/fabregaspere.com\/blog2\/wp-json\/wp\/v2\/users\/3"}],"replies":[{"embeddable":true,"href":"https:\/\/fabregaspere.com\/blog2\/wp-json\/wp\/v2\/comments?post=4190"}],"version-history":[{"count":17,"href":"https:\/\/fabregaspere.com\/blog2\/wp-json\/wp\/v2\/posts\/4190\/revisions"}],"predecessor-version":[{"id":17536,"href":"https:\/\/fabregaspere.com\/blog2\/wp-json\/wp\/v2\/posts\/4190\/revisions\/17536"}],"wp:attachment":[{"href":"https:\/\/fabregaspere.com\/blog2\/wp-json\/wp\/v2\/media?parent=4190"}],"wp:term":[{"taxonomy":"category","embeddable":true,"href":"https:\/\/fabregaspere.com\/blog2\/wp-json\/wp\/v2\/categories?post=4190"},{"taxonomy":"post_tag","embeddable":true,"href":"https:\/\/fabregaspere.com\/blog2\/wp-json\/wp\/v2\/tags?post=4190"}],"curies":[{"name":"wp","href":"https:\/\/api.w.org\/{rel}","templated":true}]}}