{"id":421,"date":"1982-04-01T09:36:18","date_gmt":"1982-04-01T07:36:18","guid":{"rendered":"http:\/\/fabregaspere.com\/blog2\/?p=421"},"modified":"2025-09-10T10:06:01","modified_gmt":"2025-09-10T08:06:01","slug":"publicaciones-la-implantacion-territorial-de-la-industria-del-gas-en-espana-una-aproximacion-historica","status":"publish","type":"post","link":"https:\/\/fabregaspere.com\/blog2\/1982\/04\/01\/publicaciones-la-implantacion-territorial-de-la-industria-del-gas-en-espana-una-aproximacion-historica\/","title":{"rendered":"[ART\u00cdCULO REVISTA] La implantaci\u00f3n territorial de la Industria del Gas en Espa\u00f1a: una aproximaci\u00f3n hist\u00f3rica [1982.04.01]"},"content":{"rendered":"<p><span style=\"text-decoration: underline;\"><strong><a href=\"https:\/\/fabregaspere.com\/blog2\/wp-content\/uploads\/2023\/08\/1982.04.01.Caliu_.La-implantacion-territorial-de-la-industria-del-gas-en-Espana.jpg\"><img loading=\"lazy\" decoding=\"async\" class=\"alignleft\" src=\"https:\/\/fabregaspere.com\/blog2\/wp-content\/uploads\/2023\/08\/1982.04.01.Caliu_.La-implantacion-territorial-de-la-industria-del-gas-en-Espana.jpg\" alt=\"\" width=\"218\" height=\"309\" \/><\/a>Historia Gas <\/strong><\/span><span style=\"text-decoration: underline;\"><strong><span style=\"font-family: verdana, geneva, sans-serif; font-size: 14px;\">[1982.04.01]<\/span><\/strong><\/span><\/p>\n<p><span style=\"font-family: verdana, geneva, sans-serif; font-size: 14px;\"><strong>F\u00c0BREGAS, Pere-A. (1982): \u00abLa Implantaci\u00f3n territorial de la Industria del Gas en Espa\u00f1a: una aproximaci\u00f3n hist\u00f3rica\u00bb<\/strong><\/span><\/p>\n<p><span style=\"font-family: verdana, geneva, sans-serif; font-size: 14px;\"><strong>en <em>Caliu<\/em> (Barcelona), n. 30 (abril 1982), pp. 6\/8<\/strong><\/span><\/p>\n<p><span style=\"font-family: verdana, geneva, sans-serif; font-size: 14px;\"><a href=\"https:\/\/fabregaspere.com\/blog2\/wp-content\/uploads\/2023\/08\/1982.04.01.Caliu_.La-implantacion-territorial-de-la-industria-del-gas-en-Espana.pdf\"><span style=\"text-decoration: underline;\"><strong>Descargar PDF<\/strong><\/span><\/a><\/span><\/p>\n","protected":false},"excerpt":{"rendered":"<p>Historia Gas [1982.04.01] F\u00c0BREGAS, Pere-A. (1982): \u00abLa Implantaci\u00f3n territorial de la Industria del Gas en Espa\u00f1a: una aproximaci\u00f3n hist\u00f3rica\u00bb en Caliu (Barcelona), n. 30 (abril 1982), pp. 6\/8 Descargar PDF<\/p>\n","protected":false},"author":3,"featured_media":0,"comment_status":"closed","ping_status":"open","sticky":false,"template":"","format":"aside","meta":{"footnotes":""},"categories":[11,33,139],"tags":[50],"class_list":["post-421","post","type-post","status-publish","format-aside","hentry","category-08-articulo-revista","category-09-historia-gas","category-02-espanol","tag-barcelona","post_format-post-format-aside"],"rttpg_featured_image_url":null,"rttpg_author":{"display_name":"Pere-A. F\u00e0bregas","author_link":"https:\/\/fabregaspere.com\/blog2\/author\/fabregaspere2\/"},"rttpg_comment":0,"rttpg_category":"<a href=\"https:\/\/fabregaspere.com\/blog2\/category\/tipos\/08-articulo-revista\/\" rel=\"category tag\">a08. Art\u00edculo revista<\/a> <a href=\"https:\/\/fabregaspere.com\/blog2\/category\/temas\/09-historia-gas\/\" rel=\"category tag\">b09. Historia Gas<\/a> <a href=\"https:\/\/fabregaspere.com\/blog2\/category\/idiomas\/02-espanol\/\" rel=\"category tag\">c02. Espa\u00f1ol<\/a>","rttpg_excerpt":"Historia Gas [1982.04.01] F\u00c0BREGAS, Pere-A. (1982): \u00abLa Implantaci\u00f3n territorial de la Industria del Gas en Espa\u00f1a: una aproximaci\u00f3n hist\u00f3rica\u00bb en Caliu (Barcelona), n. 30 (abril 1982), pp. 6\/8 Descargar PDF","_links":{"self":[{"href":"https:\/\/fabregaspere.com\/blog2\/wp-json\/wp\/v2\/posts\/421","targetHints":{"allow":["GET"]}}],"collection":[{"href":"https:\/\/fabregaspere.com\/blog2\/wp-json\/wp\/v2\/posts"}],"about":[{"href":"https:\/\/fabregaspere.com\/blog2\/wp-json\/wp\/v2\/types\/post"}],"author":[{"embeddable":true,"href":"https:\/\/fabregaspere.com\/blog2\/wp-json\/wp\/v2\/users\/3"}],"replies":[{"embeddable":true,"href":"https:\/\/fabregaspere.com\/blog2\/wp-json\/wp\/v2\/comments?post=421"}],"version-history":[{"count":11,"href":"https:\/\/fabregaspere.com\/blog2\/wp-json\/wp\/v2\/posts\/421\/revisions"}],"predecessor-version":[{"id":16735,"href":"https:\/\/fabregaspere.com\/blog2\/wp-json\/wp\/v2\/posts\/421\/revisions\/16735"}],"wp:attachment":[{"href":"https:\/\/fabregaspere.com\/blog2\/wp-json\/wp\/v2\/media?parent=421"}],"wp:term":[{"taxonomy":"category","embeddable":true,"href":"https:\/\/fabregaspere.com\/blog2\/wp-json\/wp\/v2\/categories?post=421"},{"taxonomy":"post_tag","embeddable":true,"href":"https:\/\/fabregaspere.com\/blog2\/wp-json\/wp\/v2\/tags?post=421"}],"curies":[{"name":"wp","href":"https:\/\/api.w.org\/{rel}","templated":true}]}}