{"id":424,"date":"1980-09-01T09:41:28","date_gmt":"1980-09-01T07:41:28","guid":{"rendered":"http:\/\/fabregaspere.com\/blog2\/?p=424"},"modified":"2025-09-10T10:05:16","modified_gmt":"2025-09-10T08:05:16","slug":"publicaciones-el-sector-gas-situacion-y-desarrollo-en-el-contexto-autonomico","status":"publish","type":"post","link":"https:\/\/fabregaspere.com\/blog2\/1980\/09\/01\/publicaciones-el-sector-gas-situacion-y-desarrollo-en-el-contexto-autonomico\/","title":{"rendered":"[ART\u00cdCULO REVISTA] El Sector Gas: Situaci\u00f3n y desarrollo en el contexto auton\u00f3mico [1980.09.01]"},"content":{"rendered":"<p><strong><span style=\"text-decoration: underline;\"><a href=\"https:\/\/fabregaspere.com\/blog2\/wp-content\/uploads\/2023\/08\/1980.09.01.Caliu_.El-Sector-Gas-situacion-y-desarrollo.jpg\"><img loading=\"lazy\" decoding=\"async\" class=\"alignleft wp-image-10287 size-medium\" src=\"https:\/\/fabregaspere.com\/blog2\/wp-content\/uploads\/2023\/08\/1980.09.01.Caliu_.El-Sector-Gas-situacion-y-desarrollo-219x300.jpg\" alt=\"\" width=\"218\" height=\"299\" srcset=\"https:\/\/fabregaspere.com\/blog2\/wp-content\/uploads\/2023\/08\/1980.09.01.Caliu_.El-Sector-Gas-situacion-y-desarrollo-219x300.jpg 219w, https:\/\/fabregaspere.com\/blog2\/wp-content\/uploads\/2023\/08\/1980.09.01.Caliu_.El-Sector-Gas-situacion-y-desarrollo-110x150.jpg 110w, https:\/\/fabregaspere.com\/blog2\/wp-content\/uploads\/2023\/08\/1980.09.01.Caliu_.El-Sector-Gas-situacion-y-desarrollo.jpg 414w\" sizes=\"auto, (max-width: 218px) 100vw, 218px\" \/><\/a><\/span><\/strong><\/p>\n<p><span style=\"font-family: verdana, geneva, sans-serif; font-size: 14px;\"><strong><span style=\"text-decoration: underline;\">Sector Gas [1980.09.01]<\/span><\/strong><\/span><\/p>\n<p style=\"text-align: justify;\"><span style=\"font-family: verdana, geneva, sans-serif; font-size: 14px;\"><strong>F\u00c0BREGAS, Pere-A.: \u00abEl Sector Gas: Situaci\u00f3n y desarrollo en el contexto auton\u00f3mico\u00bb<\/strong><\/span><\/p>\n<p style=\"text-align: justify;\"><span style=\"font-family: verdana, geneva, sans-serif; font-size: 14px;\"><strong>en <em>Caliu<\/em> (Barcelona), n. 24 (septiembre 1980), pp. 4\/5<\/strong><\/span><\/p>\n<p><span style=\"font-family: verdana, geneva, sans-serif; font-size: 14px;\"><strong><a href=\"https:\/\/fabregaspere.com\/blog2\/wp-content\/uploads\/2023\/08\/1980.09.01.Caliu_.El-Sector-Gas-situacion-y-desarrollo.pdf\" target=\"_blank\" rel=\"noopener\">Descargar PDF<\/a><\/strong><\/span><\/p>\n","protected":false},"excerpt":{"rendered":"<p>Sector Gas [1980.09.01] F\u00c0BREGAS, Pere-A.: \u00abEl Sector Gas: Situaci\u00f3n y desarrollo en el contexto auton\u00f3mico\u00bb en Caliu (Barcelona), n. 24 (septiembre 1980), pp. 4\/5 Descargar PDF<\/p>\n","protected":false},"author":3,"featured_media":0,"comment_status":"closed","ping_status":"open","sticky":false,"template":"","format":"aside","meta":{"footnotes":""},"categories":[11,33,139],"tags":[50],"class_list":["post-424","post","type-post","status-publish","format-aside","hentry","category-08-articulo-revista","category-09-historia-gas","category-02-espanol","tag-barcelona","post_format-post-format-aside"],"rttpg_featured_image_url":null,"rttpg_author":{"display_name":"Pere-A. F\u00e0bregas","author_link":"https:\/\/fabregaspere.com\/blog2\/author\/fabregaspere2\/"},"rttpg_comment":0,"rttpg_category":"<a href=\"https:\/\/fabregaspere.com\/blog2\/category\/tipos\/08-articulo-revista\/\" rel=\"category tag\">a08. Art\u00edculo revista<\/a> <a href=\"https:\/\/fabregaspere.com\/blog2\/category\/temas\/09-historia-gas\/\" rel=\"category tag\">b09. Historia Gas<\/a> <a href=\"https:\/\/fabregaspere.com\/blog2\/category\/idiomas\/02-espanol\/\" rel=\"category tag\">c02. Espa\u00f1ol<\/a>","rttpg_excerpt":"Sector Gas [1980.09.01] F\u00c0BREGAS, Pere-A.: \u00abEl Sector Gas: Situaci\u00f3n y desarrollo en el contexto auton\u00f3mico\u00bb en Caliu (Barcelona), n. 24 (septiembre 1980), pp. 4\/5 Descargar PDF","_links":{"self":[{"href":"https:\/\/fabregaspere.com\/blog2\/wp-json\/wp\/v2\/posts\/424","targetHints":{"allow":["GET"]}}],"collection":[{"href":"https:\/\/fabregaspere.com\/blog2\/wp-json\/wp\/v2\/posts"}],"about":[{"href":"https:\/\/fabregaspere.com\/blog2\/wp-json\/wp\/v2\/types\/post"}],"author":[{"embeddable":true,"href":"https:\/\/fabregaspere.com\/blog2\/wp-json\/wp\/v2\/users\/3"}],"replies":[{"embeddable":true,"href":"https:\/\/fabregaspere.com\/blog2\/wp-json\/wp\/v2\/comments?post=424"}],"version-history":[{"count":11,"href":"https:\/\/fabregaspere.com\/blog2\/wp-json\/wp\/v2\/posts\/424\/revisions"}],"predecessor-version":[{"id":16734,"href":"https:\/\/fabregaspere.com\/blog2\/wp-json\/wp\/v2\/posts\/424\/revisions\/16734"}],"wp:attachment":[{"href":"https:\/\/fabregaspere.com\/blog2\/wp-json\/wp\/v2\/media?parent=424"}],"wp:term":[{"taxonomy":"category","embeddable":true,"href":"https:\/\/fabregaspere.com\/blog2\/wp-json\/wp\/v2\/categories?post=424"},{"taxonomy":"post_tag","embeddable":true,"href":"https:\/\/fabregaspere.com\/blog2\/wp-json\/wp\/v2\/tags?post=424"}],"curies":[{"name":"wp","href":"https:\/\/api.w.org\/{rel}","templated":true}]}}