{"id":4304,"date":"2011-06-08T00:00:50","date_gmt":"2011-06-07T22:00:50","guid":{"rendered":"http:\/\/fabregaspere.com\/blog2\/?p=4304"},"modified":"2024-08-10T18:29:21","modified_gmt":"2024-08-10T16:29:21","slug":"entrevista-radio-las-empresas-de-servicios-energeticos-la-clave-de-la-eficiencia","status":"publish","type":"post","link":"https:\/\/fabregaspere.com\/blog2\/2011\/06\/08\/entrevista-radio-las-empresas-de-servicios-energeticos-la-clave-de-la-eficiencia\/","title":{"rendered":"[ENTREVISTA RADIO] Las empresas de servicios energ\u00e9ticos: la clave de la eficiencia [Onda Cero M\u00e1laga][2011.06.08]"},"content":{"rendered":"<p><span style=\"text-decoration: underline;\"><span style=\"font-family: verdana, geneva, sans-serif; font-size: 14px;\"><strong><a href=\"https:\/\/fabregaspere.com\/blog2\/wp-content\/uploads\/2008\/09\/Logotipo-Onda-Cero.jpg\"><img loading=\"lazy\" decoding=\"async\" class=\"aligncenter wp-image-14016 size-medium\" src=\"https:\/\/fabregaspere.com\/blog2\/wp-content\/uploads\/2008\/09\/Logotipo-Onda-Cero-300x218.jpg\" alt=\"\" width=\"300\" height=\"218\" srcset=\"https:\/\/fabregaspere.com\/blog2\/wp-content\/uploads\/2008\/09\/Logotipo-Onda-Cero-300x218.jpg 300w, https:\/\/fabregaspere.com\/blog2\/wp-content\/uploads\/2008\/09\/Logotipo-Onda-Cero-1024x743.jpg 1024w, https:\/\/fabregaspere.com\/blog2\/wp-content\/uploads\/2008\/09\/Logotipo-Onda-Cero-150x109.jpg 150w, https:\/\/fabregaspere.com\/blog2\/wp-content\/uploads\/2008\/09\/Logotipo-Onda-Cero-768x557.jpg 768w, https:\/\/fabregaspere.com\/blog2\/wp-content\/uploads\/2008\/09\/Logotipo-Onda-Cero-1536x1115.jpg 1536w, https:\/\/fabregaspere.com\/blog2\/wp-content\/uploads\/2008\/09\/Logotipo-Onda-Cero-2048x1486.jpg 2048w\" sizes=\"auto, (max-width: 300px) 100vw, 300px\" \/><\/a><\/strong><\/span><\/span><\/p>\n<p><span style=\"text-decoration: underline;\"><span style=\"font-family: verdana, geneva, sans-serif; font-size: 14px;\"><strong>Medio ambiente [2011.06.08]<\/strong><\/span><\/span><\/p>\n<p><span style=\"font-family: verdana, geneva, sans-serif; font-size: 14px;\"><strong>Entrevista con Pere-A. F\u00e0bregas (2011): <em>Las empresas de servicios energ\u00e9ticos: la clave de la eficiencia<\/em><\/strong><\/span><\/p>\n<p><span style=\"font-family: verdana, geneva, sans-serif; font-size: 14px;\"><strong>Onda Cero M\u00e1laga (8 junio 2011) M\u00e1laga<\/strong><\/span><\/p>\n<!--[if lt IE 9]><script>document.createElement('audio');<\/script><![endif]-->\n<audio class=\"wp-audio-shortcode\" id=\"audio-4304-1\" preload=\"none\" style=\"width: 100%;\" controls=\"controls\"><source type=\"audio\/mpeg\" src=\"https:\/\/fabregaspere.com\/blog2\/wp-content\/uploads\/2024\/08\/2011.06.08.MA_.Onda-Cero-Malaga.mp3?_=1\" \/><a href=\"https:\/\/fabregaspere.com\/blog2\/wp-content\/uploads\/2024\/08\/2011.06.08.MA_.Onda-Cero-Malaga.mp3\">https:\/\/fabregaspere.com\/blog2\/wp-content\/uploads\/2024\/08\/2011.06.08.MA_.Onda-Cero-Malaga.mp3<\/a><\/audio>\n","protected":false},"excerpt":{"rendered":"<p>Medio ambiente [2011.06.08] Entrevista con Pere-A. F\u00e0bregas (2011): Las empresas de servicios energ\u00e9ticos: la clave de la eficiencia Onda Cero M\u00e1laga (8 junio 2011) M\u00e1laga<\/p>\n","protected":false},"author":3,"featured_media":0,"comment_status":"closed","ping_status":"open","sticky":false,"template":"","format":"aside","meta":{"footnotes":""},"categories":[18,35,139],"tags":[80],"class_list":["post-4304","post","type-post","status-publish","format-aside","hentry","category-15-entrevista-audio","category-04-medio-ambiente","category-02-espanol","tag-malaga","post_format-post-format-aside"],"rttpg_featured_image_url":null,"rttpg_author":{"display_name":"Pere-A. F\u00e0bregas","author_link":"https:\/\/fabregaspere.com\/blog2\/author\/fabregaspere2\/"},"rttpg_comment":0,"rttpg_category":"<a href=\"https:\/\/fabregaspere.com\/blog2\/category\/tipos\/15-entrevista-audio\/\" rel=\"category tag\">a15. Entrevista radio<\/a> <a href=\"https:\/\/fabregaspere.com\/blog2\/category\/temas\/04-medio-ambiente\/\" rel=\"category tag\">b04. Medio Ambiente<\/a> <a href=\"https:\/\/fabregaspere.com\/blog2\/category\/idiomas\/02-espanol\/\" rel=\"category tag\">c02. Espa\u00f1ol<\/a>","rttpg_excerpt":"Medio ambiente [2011.06.08] Entrevista con Pere-A. F\u00e0bregas (2011): Las empresas de servicios energ\u00e9ticos: la clave de la eficiencia Onda Cero M\u00e1laga (8 junio 2011) M\u00e1laga","_links":{"self":[{"href":"https:\/\/fabregaspere.com\/blog2\/wp-json\/wp\/v2\/posts\/4304","targetHints":{"allow":["GET"]}}],"collection":[{"href":"https:\/\/fabregaspere.com\/blog2\/wp-json\/wp\/v2\/posts"}],"about":[{"href":"https:\/\/fabregaspere.com\/blog2\/wp-json\/wp\/v2\/types\/post"}],"author":[{"embeddable":true,"href":"https:\/\/fabregaspere.com\/blog2\/wp-json\/wp\/v2\/users\/3"}],"replies":[{"embeddable":true,"href":"https:\/\/fabregaspere.com\/blog2\/wp-json\/wp\/v2\/comments?post=4304"}],"version-history":[{"count":5,"href":"https:\/\/fabregaspere.com\/blog2\/wp-json\/wp\/v2\/posts\/4304\/revisions"}],"predecessor-version":[{"id":14136,"href":"https:\/\/fabregaspere.com\/blog2\/wp-json\/wp\/v2\/posts\/4304\/revisions\/14136"}],"wp:attachment":[{"href":"https:\/\/fabregaspere.com\/blog2\/wp-json\/wp\/v2\/media?parent=4304"}],"wp:term":[{"taxonomy":"category","embeddable":true,"href":"https:\/\/fabregaspere.com\/blog2\/wp-json\/wp\/v2\/categories?post=4304"},{"taxonomy":"post_tag","embeddable":true,"href":"https:\/\/fabregaspere.com\/blog2\/wp-json\/wp\/v2\/tags?post=4304"}],"curies":[{"name":"wp","href":"https:\/\/api.w.org\/{rel}","templated":true}]}}