{"id":436,"date":"2009-12-31T01:09:55","date_gmt":"2009-12-31T00:09:55","guid":{"rendered":"http:\/\/fabregaspere.com\/blog2\/?p=436"},"modified":"2025-11-27T16:35:44","modified_gmt":"2025-11-27T15:35:44","slug":"publicaciones-introduccion-de-la-fundacion-gas-natural-al-dossier-sobre-la-historia-de-la-industria-del-gas","status":"publish","type":"post","link":"https:\/\/fabregaspere.com\/blog2\/2009\/12\/31\/publicaciones-introduccion-de-la-fundacion-gas-natural-al-dossier-sobre-la-historia-de-la-industria-del-gas\/","title":{"rendered":"[EDITORIAL REVISTA] Introducci\u00f3n de la Fundaci\u00f3n Gas Natural al \u00abDossier sobre la Historia de la Industria del Gas\u00bb [TsT][2009.12.31.a]"},"content":{"rendered":"<p><span style=\"text-decoration: underline;\"><strong><span style=\"font-family: verdana, geneva, sans-serif; font-size: 14px;\"> <a href=\"https:\/\/fabregaspere.com\/blog2\/wp-content\/uploads\/2009\/12\/2009.12.31.a.TST_.Introduccion-dossier-historia-industria-gas.jpg\"><img loading=\"lazy\" decoding=\"async\" class=\"alignleft wp-image-12932 size-medium\" src=\"https:\/\/fabregaspere.com\/blog2\/wp-content\/uploads\/2009\/12\/2009.12.31.a.TST_.Introduccion-dossier-historia-industria-gas-214x300.jpg\" alt=\"\" width=\"214\" height=\"300\" srcset=\"https:\/\/fabregaspere.com\/blog2\/wp-content\/uploads\/2009\/12\/2009.12.31.a.TST_.Introduccion-dossier-historia-industria-gas-214x300.jpg 214w, https:\/\/fabregaspere.com\/blog2\/wp-content\/uploads\/2009\/12\/2009.12.31.a.TST_.Introduccion-dossier-historia-industria-gas-107x150.jpg 107w, https:\/\/fabregaspere.com\/blog2\/wp-content\/uploads\/2009\/12\/2009.12.31.a.TST_.Introduccion-dossier-historia-industria-gas.jpg 415w\" sizes=\"auto, (max-width: 214px) 100vw, 214px\" \/><\/a>Historia Gas [2009.12.31.a]<\/span><\/strong><\/span><\/p>\n<p><strong><span style=\"font-family: verdana, geneva, sans-serif; font-size: 14px;\">F\u00c0BREGAS, Pere-A. (2009): Introducci\u00f3n de la Fundaci\u00f3n Gas Natural al \u00abDossier sobre la Historia de la Industria del Gas\u00bb<\/span><\/strong><\/p>\n<p><strong><span style=\"font-family: verdana, geneva, sans-serif; font-size: 14px;\">en [TsT] <em>Transportes, Servicios y Telecomunicaciones <\/em><\/span><\/strong><br \/>\n<strong><span style=\"font-family: verdana, geneva, sans-serif; font-size: 14px;\">n\u00ba 16 (diciembre 2009), pp. 35\/36, Madrid<\/span><\/strong><\/p>\n<p><span style=\"font-family: verdana, geneva, sans-serif; font-size: 14px;\"><strong><a href=\"https:\/\/fabregaspere.com\/blog2\/wp-content\/uploads\/2009\/12\/2009.12.31.a.TST_.Introduccion-dossier-historia-industria-gas.pdf\" target=\"_blank\" rel=\"noopener\">Descargar PDF<\/a><\/strong><\/span><\/p>\n","protected":false},"excerpt":{"rendered":"<p>Historia Gas [2009.12.31.a] F\u00c0BREGAS, Pere-A. (2009): Introducci\u00f3n de la Fundaci\u00f3n Gas Natural al \u00abDossier sobre la Historia de la Industria del Gas\u00bb en [TsT] Transportes, Servicios y Telecomunicaciones n\u00ba 16 (diciembre 2009), pp. 35\/36, Madrid Descargar PDF<\/p>\n","protected":false},"author":3,"featured_media":0,"comment_status":"closed","ping_status":"open","sticky":false,"template":"","format":"aside","meta":{"footnotes":""},"categories":[12,33,139],"tags":[47],"class_list":["post-436","post","type-post","status-publish","format-aside","hentry","category-09-editorial-revista","category-09-historia-gas","category-02-espanol","tag-madrid","post_format-post-format-aside"],"rttpg_featured_image_url":null,"rttpg_author":{"display_name":"Pere-A. F\u00e0bregas","author_link":"https:\/\/fabregaspere.com\/blog2\/author\/fabregaspere2\/"},"rttpg_comment":0,"rttpg_category":"<a href=\"https:\/\/fabregaspere.com\/blog2\/category\/tipos\/09-editorial-revista\/\" rel=\"category tag\">a09. Editorial revista<\/a> <a href=\"https:\/\/fabregaspere.com\/blog2\/category\/temas\/09-historia-gas\/\" rel=\"category tag\">b09. Historia Gas<\/a> <a href=\"https:\/\/fabregaspere.com\/blog2\/category\/idiomas\/02-espanol\/\" rel=\"category tag\">c02. Espa\u00f1ol<\/a>","rttpg_excerpt":"Historia Gas [2009.12.31.a] F\u00c0BREGAS, Pere-A. (2009): Introducci\u00f3n de la Fundaci\u00f3n Gas Natural al \u00abDossier sobre la Historia de la Industria del Gas\u00bb en [TsT] Transportes, Servicios y Telecomunicaciones n\u00ba 16 (diciembre 2009), pp. 35\/36, Madrid Descargar PDF","_links":{"self":[{"href":"https:\/\/fabregaspere.com\/blog2\/wp-json\/wp\/v2\/posts\/436","targetHints":{"allow":["GET"]}}],"collection":[{"href":"https:\/\/fabregaspere.com\/blog2\/wp-json\/wp\/v2\/posts"}],"about":[{"href":"https:\/\/fabregaspere.com\/blog2\/wp-json\/wp\/v2\/types\/post"}],"author":[{"embeddable":true,"href":"https:\/\/fabregaspere.com\/blog2\/wp-json\/wp\/v2\/users\/3"}],"replies":[{"embeddable":true,"href":"https:\/\/fabregaspere.com\/blog2\/wp-json\/wp\/v2\/comments?post=436"}],"version-history":[{"count":10,"href":"https:\/\/fabregaspere.com\/blog2\/wp-json\/wp\/v2\/posts\/436\/revisions"}],"predecessor-version":[{"id":17372,"href":"https:\/\/fabregaspere.com\/blog2\/wp-json\/wp\/v2\/posts\/436\/revisions\/17372"}],"wp:attachment":[{"href":"https:\/\/fabregaspere.com\/blog2\/wp-json\/wp\/v2\/media?parent=436"}],"wp:term":[{"taxonomy":"category","embeddable":true,"href":"https:\/\/fabregaspere.com\/blog2\/wp-json\/wp\/v2\/categories?post=436"},{"taxonomy":"post_tag","embeddable":true,"href":"https:\/\/fabregaspere.com\/blog2\/wp-json\/wp\/v2\/tags?post=436"}],"curies":[{"name":"wp","href":"https:\/\/api.w.org\/{rel}","templated":true}]}}