{"id":4366,"date":"2012-03-06T00:00:00","date_gmt":"2012-03-05T23:00:00","guid":{"rendered":"http:\/\/fabregaspere.com\/blog2\/?p=4366"},"modified":"2024-08-11T10:26:01","modified_gmt":"2024-08-11T08:26:01","slug":"entrevista-radio-la-eficiencia-energetica-en-la-rioja","status":"publish","type":"post","link":"https:\/\/fabregaspere.com\/blog2\/2012\/03\/06\/entrevista-radio-la-eficiencia-energetica-en-la-rioja\/","title":{"rendered":"[ENTREVISTA RADIO] La eficiencia energ\u00e9tica en La Rioja [Onda Cero La RIoja][2012.03.06]"},"content":{"rendered":"<p><span style=\"text-decoration: underline;\"><span style=\"font-family: verdana, geneva, sans-serif; font-size: 14px;\"><strong><a href=\"https:\/\/fabregaspere.com\/blog2\/wp-content\/uploads\/2008\/09\/Logotipo-Onda-Cero.jpg\"><img loading=\"lazy\" decoding=\"async\" class=\"aligncenter wp-image-14016 size-medium\" src=\"https:\/\/fabregaspere.com\/blog2\/wp-content\/uploads\/2008\/09\/Logotipo-Onda-Cero-300x218.jpg\" alt=\"\" width=\"300\" height=\"218\" srcset=\"https:\/\/fabregaspere.com\/blog2\/wp-content\/uploads\/2008\/09\/Logotipo-Onda-Cero-300x218.jpg 300w, https:\/\/fabregaspere.com\/blog2\/wp-content\/uploads\/2008\/09\/Logotipo-Onda-Cero-1024x743.jpg 1024w, https:\/\/fabregaspere.com\/blog2\/wp-content\/uploads\/2008\/09\/Logotipo-Onda-Cero-150x109.jpg 150w, https:\/\/fabregaspere.com\/blog2\/wp-content\/uploads\/2008\/09\/Logotipo-Onda-Cero-768x557.jpg 768w, https:\/\/fabregaspere.com\/blog2\/wp-content\/uploads\/2008\/09\/Logotipo-Onda-Cero-1536x1115.jpg 1536w, https:\/\/fabregaspere.com\/blog2\/wp-content\/uploads\/2008\/09\/Logotipo-Onda-Cero-2048x1486.jpg 2048w\" sizes=\"auto, (max-width: 300px) 100vw, 300px\" \/><\/a><\/strong><\/span><\/span><\/p>\n<p><span style=\"text-decoration: underline;\"><span style=\"font-family: verdana, geneva, sans-serif; font-size: 14px;\"><strong>Medio ambiente [2012.03.06]<\/strong><\/span><\/span><\/p>\n<p><span style=\"font-family: verdana, geneva, sans-serif; font-size: 14px;\"><strong>Entrevista con Pere-A. F\u00e0bregas (2012): <em>La eficiencia energ\u00e9tica en La Rioja<\/em><\/strong><\/span><\/p>\n<p><span style=\"font-family: verdana, geneva, sans-serif; font-size: 14px;\"><strong>Onda Cero La Rioja (6 marzo 2012) Logro\u00f1o<\/strong><\/span><\/p>\n<!--[if lt IE 9]><script>document.createElement('audio');<\/script><![endif]-->\n<audio class=\"wp-audio-shortcode\" id=\"audio-4366-1\" preload=\"none\" style=\"width: 100%;\" controls=\"controls\"><source type=\"audio\/mpeg\" src=\"https:\/\/fabregaspere.com\/blog2\/wp-content\/uploads\/2024\/08\/2012.03.06.MA_.Onda-Cero-Rioja.EntrPF.mp3?_=1\" \/><a href=\"https:\/\/fabregaspere.com\/blog2\/wp-content\/uploads\/2024\/08\/2012.03.06.MA_.Onda-Cero-Rioja.EntrPF.mp3\">https:\/\/fabregaspere.com\/blog2\/wp-content\/uploads\/2024\/08\/2012.03.06.MA_.Onda-Cero-Rioja.EntrPF.mp3<\/a><\/audio>\n","protected":false},"excerpt":{"rendered":"<p>Medio ambiente [2012.03.06] Entrevista con Pere-A. F\u00e0bregas (2012): La eficiencia energ\u00e9tica en La Rioja Onda Cero La Rioja (6 marzo 2012) Logro\u00f1o<\/p>\n","protected":false},"author":3,"featured_media":0,"comment_status":"closed","ping_status":"open","sticky":false,"template":"","format":"aside","meta":{"footnotes":""},"categories":[18,35,139],"tags":[88],"class_list":["post-4366","post","type-post","status-publish","format-aside","hentry","category-15-entrevista-audio","category-04-medio-ambiente","category-02-espanol","tag-logrono","post_format-post-format-aside"],"rttpg_featured_image_url":null,"rttpg_author":{"display_name":"Pere-A. F\u00e0bregas","author_link":"https:\/\/fabregaspere.com\/blog2\/author\/fabregaspere2\/"},"rttpg_comment":0,"rttpg_category":"<a href=\"https:\/\/fabregaspere.com\/blog2\/category\/tipos\/15-entrevista-audio\/\" rel=\"category tag\">a15. Entrevista radio<\/a> <a href=\"https:\/\/fabregaspere.com\/blog2\/category\/temas\/04-medio-ambiente\/\" rel=\"category tag\">b04. Medio Ambiente<\/a> <a href=\"https:\/\/fabregaspere.com\/blog2\/category\/idiomas\/02-espanol\/\" rel=\"category tag\">c02. Espa\u00f1ol<\/a>","rttpg_excerpt":"Medio ambiente [2012.03.06] Entrevista con Pere-A. F\u00e0bregas (2012): La eficiencia energ\u00e9tica en La Rioja Onda Cero La Rioja (6 marzo 2012) Logro\u00f1o","_links":{"self":[{"href":"https:\/\/fabregaspere.com\/blog2\/wp-json\/wp\/v2\/posts\/4366","targetHints":{"allow":["GET"]}}],"collection":[{"href":"https:\/\/fabregaspere.com\/blog2\/wp-json\/wp\/v2\/posts"}],"about":[{"href":"https:\/\/fabregaspere.com\/blog2\/wp-json\/wp\/v2\/types\/post"}],"author":[{"embeddable":true,"href":"https:\/\/fabregaspere.com\/blog2\/wp-json\/wp\/v2\/users\/3"}],"replies":[{"embeddable":true,"href":"https:\/\/fabregaspere.com\/blog2\/wp-json\/wp\/v2\/comments?post=4366"}],"version-history":[{"count":5,"href":"https:\/\/fabregaspere.com\/blog2\/wp-json\/wp\/v2\/posts\/4366\/revisions"}],"predecessor-version":[{"id":14163,"href":"https:\/\/fabregaspere.com\/blog2\/wp-json\/wp\/v2\/posts\/4366\/revisions\/14163"}],"wp:attachment":[{"href":"https:\/\/fabregaspere.com\/blog2\/wp-json\/wp\/v2\/media?parent=4366"}],"wp:term":[{"taxonomy":"category","embeddable":true,"href":"https:\/\/fabregaspere.com\/blog2\/wp-json\/wp\/v2\/categories?post=4366"},{"taxonomy":"post_tag","embeddable":true,"href":"https:\/\/fabregaspere.com\/blog2\/wp-json\/wp\/v2\/tags?post=4366"}],"curies":[{"name":"wp","href":"https:\/\/api.w.org\/{rel}","templated":true}]}}