{"id":4385,"date":"2012-10-07T00:00:42","date_gmt":"2012-10-06T22:00:42","guid":{"rendered":"http:\/\/fabregaspere.com\/blog2\/?p=4385"},"modified":"2024-08-12T09:50:10","modified_gmt":"2024-08-12T07:50:10","slug":"entrevista-radio-el-museo-del-gas","status":"publish","type":"post","link":"https:\/\/fabregaspere.com\/blog2\/2012\/10\/07\/entrevista-radio-el-museo-del-gas\/","title":{"rendered":"[ENTREVISTA RADIO] El Museo del Gas [Radio Intereconom\u00eda][2012.10.07]"},"content":{"rendered":"<p><span style=\"text-decoration: underline;\"><span style=\"font-family: verdana, geneva, sans-serif; font-size: 14px;\"><strong><a href=\"https:\/\/fabregaspere.com\/blog2\/wp-content\/uploads\/2012\/10\/LOGO-Radio-Intereconomia.jpg\"><img loading=\"lazy\" decoding=\"async\" class=\"aligncenter wp-image-14188 size-large\" src=\"https:\/\/fabregaspere.com\/blog2\/wp-content\/uploads\/2012\/10\/LOGO-Radio-Intereconomia-1024x576.jpg\" alt=\"\" width=\"474\" height=\"267\" srcset=\"https:\/\/fabregaspere.com\/blog2\/wp-content\/uploads\/2012\/10\/LOGO-Radio-Intereconomia-1024x576.jpg 1024w, https:\/\/fabregaspere.com\/blog2\/wp-content\/uploads\/2012\/10\/LOGO-Radio-Intereconomia-300x169.jpg 300w, https:\/\/fabregaspere.com\/blog2\/wp-content\/uploads\/2012\/10\/LOGO-Radio-Intereconomia-150x84.jpg 150w, https:\/\/fabregaspere.com\/blog2\/wp-content\/uploads\/2012\/10\/LOGO-Radio-Intereconomia-768x432.jpg 768w, https:\/\/fabregaspere.com\/blog2\/wp-content\/uploads\/2012\/10\/LOGO-Radio-Intereconomia.jpg 1280w\" sizes=\"auto, (max-width: 474px) 100vw, 474px\" \/><\/a>Museos [2012.10.07]<\/strong><\/span><\/span><\/p>\n<p><span style=\"font-family: verdana, geneva, sans-serif; font-size: 14px;\"><strong>Entrevista con Pere-A: F\u00e0bregas (2012): <em>El Museo del Gas<\/em><\/strong><\/span><\/p>\n<p><span style=\"font-family: verdana, geneva, sans-serif; font-size: 14px;\"><strong>Radio Intereconomia (7 octubre 2012) Madrid<\/strong><\/span><br \/>\n<span style=\"font-family: verdana, geneva, sans-serif; font-size: 14px;\"><strong>Programa: 100% ciencia <\/strong><\/span><br \/>\n<span style=\"font-family: verdana, geneva, sans-serif; font-size: 14px;\"><strong>Emisi\u00f3n: por tel\u00e9fono desde Madrid a Sabadell<\/strong><\/span><\/p>\n<!--[if lt IE 9]><script>document.createElement('audio');<\/script><![endif]-->\n<audio class=\"wp-audio-shortcode\" id=\"audio-4385-1\" preload=\"none\" style=\"width: 100%;\" controls=\"controls\"><source type=\"audio\/mpeg\" src=\"https:\/\/fabregaspere.com\/blog2\/wp-content\/uploads\/2024\/08\/2012.10.07.MdG_.Radio-Intereconomia.100x-Ciencia.EntrPF.mp3?_=1\" \/><a href=\"https:\/\/fabregaspere.com\/blog2\/wp-content\/uploads\/2024\/08\/2012.10.07.MdG_.Radio-Intereconomia.100x-Ciencia.EntrPF.mp3\">https:\/\/fabregaspere.com\/blog2\/wp-content\/uploads\/2024\/08\/2012.10.07.MdG_.Radio-Intereconomia.100x-Ciencia.EntrPF.mp3<\/a><\/audio>\n","protected":false},"excerpt":{"rendered":"<p>Museos [2012.10.07] Entrevista con Pere-A: F\u00e0bregas (2012): El Museo del Gas Radio Intereconomia (7 octubre 2012) Madrid Programa: 100% ciencia Emisi\u00f3n: por tel\u00e9fono desde Madrid a Sabadell<\/p>\n","protected":false},"author":3,"featured_media":0,"comment_status":"closed","ping_status":"open","sticky":false,"template":"","format":"aside","meta":{"footnotes":""},"categories":[18,43,139],"tags":[47,48],"class_list":["post-4385","post","type-post","status-publish","format-aside","hentry","category-15-entrevista-audio","category-23-museos","category-02-espanol","tag-madrid","tag-sabadell","post_format-post-format-aside"],"rttpg_featured_image_url":null,"rttpg_author":{"display_name":"Pere-A. F\u00e0bregas","author_link":"https:\/\/fabregaspere.com\/blog2\/author\/fabregaspere2\/"},"rttpg_comment":0,"rttpg_category":"<a href=\"https:\/\/fabregaspere.com\/blog2\/category\/tipos\/15-entrevista-audio\/\" rel=\"category tag\">a15. Entrevista radio<\/a> <a href=\"https:\/\/fabregaspere.com\/blog2\/category\/temas\/23-museos\/\" rel=\"category tag\">b23. Museos<\/a> <a href=\"https:\/\/fabregaspere.com\/blog2\/category\/idiomas\/02-espanol\/\" rel=\"category tag\">c02. Espa\u00f1ol<\/a>","rttpg_excerpt":"Museos [2012.10.07] Entrevista con Pere-A: F\u00e0bregas (2012): El Museo del Gas Radio Intereconomia (7 octubre 2012) Madrid Programa: 100% ciencia Emisi\u00f3n: por tel\u00e9fono desde Madrid a Sabadell","_links":{"self":[{"href":"https:\/\/fabregaspere.com\/blog2\/wp-json\/wp\/v2\/posts\/4385","targetHints":{"allow":["GET"]}}],"collection":[{"href":"https:\/\/fabregaspere.com\/blog2\/wp-json\/wp\/v2\/posts"}],"about":[{"href":"https:\/\/fabregaspere.com\/blog2\/wp-json\/wp\/v2\/types\/post"}],"author":[{"embeddable":true,"href":"https:\/\/fabregaspere.com\/blog2\/wp-json\/wp\/v2\/users\/3"}],"replies":[{"embeddable":true,"href":"https:\/\/fabregaspere.com\/blog2\/wp-json\/wp\/v2\/comments?post=4385"}],"version-history":[{"count":7,"href":"https:\/\/fabregaspere.com\/blog2\/wp-json\/wp\/v2\/posts\/4385\/revisions"}],"predecessor-version":[{"id":14189,"href":"https:\/\/fabregaspere.com\/blog2\/wp-json\/wp\/v2\/posts\/4385\/revisions\/14189"}],"wp:attachment":[{"href":"https:\/\/fabregaspere.com\/blog2\/wp-json\/wp\/v2\/media?parent=4385"}],"wp:term":[{"taxonomy":"category","embeddable":true,"href":"https:\/\/fabregaspere.com\/blog2\/wp-json\/wp\/v2\/categories?post=4385"},{"taxonomy":"post_tag","embeddable":true,"href":"https:\/\/fabregaspere.com\/blog2\/wp-json\/wp\/v2\/tags?post=4385"}],"curies":[{"name":"wp","href":"https:\/\/api.w.org\/{rel}","templated":true}]}}