{"id":4610,"date":"2013-02-15T00:00:50","date_gmt":"2013-02-14T23:00:50","guid":{"rendered":"http:\/\/fabregaspere.com\/blog2\/?p=4610"},"modified":"2025-12-07T13:11:02","modified_gmt":"2025-12-07T12:11:02","slug":"tertulia-radio-radio-sabadell-a-bona-hora-2013-02-15","status":"publish","type":"post","link":"https:\/\/fabregaspere.com\/blog2\/2013\/02\/15\/tertulia-radio-radio-sabadell-a-bona-hora-2013-02-15\/","title":{"rendered":"[TERT\u00daLIA R\u00c0DIO] R\u00e0dio Sabadell: A Bona Hora [2013.02.15]"},"content":{"rendered":"<p style=\"text-align: justify;\"><strong><span style=\"text-decoration: underline;\"><a href=\"https:\/\/fabregaspere.com\/blog2\/wp-content\/uploads\/2012\/10\/0000.00.00.Radio-Sabadell.logo_.jpg\"><img loading=\"lazy\" decoding=\"async\" class=\"aligncenter\" src=\"https:\/\/fabregaspere.com\/blog2\/wp-content\/uploads\/2012\/10\/0000.00.00.Radio-Sabadell.logo_.jpg\" alt=\"\" width=\"693\" height=\"193\" \/><\/a><a href=\"https:\/\/fabregaspere.com\/blog2\/wp-content\/uploads\/2016\/04\/2013.02.15.tweet_.foto_.garcia-cazorla.jpg\"><img loading=\"lazy\" decoding=\"async\" class=\"aligncenter\" src=\"https:\/\/fabregaspere.com\/blog2\/wp-content\/uploads\/2016\/04\/2013.02.15.tweet_.foto_.garcia-cazorla.jpg\" alt=\"\" width=\"1234\" height=\"934\" \/><\/a><span style=\"font-family: verdana, geneva, sans-serif; font-size: 14px;\">Societat [2013.02.15]<\/span><\/span><\/strong><\/p>\n<p><span style=\"font-family: verdana, geneva, sans-serif; font-size: 14px;\"><strong>Tert\u00falia R\u00e0dio Sabadell. A Bona Hora amb Aura Costa: Joan Brunet, Pere-A. F\u00e0bregas, Joan Antoni Garcia Cazorla i Josep Sancristofol [2013.02.15]<\/strong><\/span><\/p>\n<p><span style=\"font-family: verdana, geneva, sans-serif; font-size: 14px;\"><strong>Temes: ahir va dimitir l\u2019alcalde Bustos, corrupci\u00f3-i tu m\u00e9s, situaci\u00f3 Ajuntament<\/strong><\/span><\/p>\n<!--[if lt IE 9]><script>document.createElement('audio');<\/script><![endif]-->\n<audio class=\"wp-audio-shortcode\" id=\"audio-4610-1\" preload=\"none\" style=\"width: 100%;\" controls=\"controls\"><source type=\"audio\/mpeg\" src=\"https:\/\/fabregaspere.com\/blog2\/wp-content\/uploads\/2014\/11\/2013.02.15.tertulia.web_.mp3?_=1\" \/><a href=\"https:\/\/fabregaspere.com\/blog2\/wp-content\/uploads\/2014\/11\/2013.02.15.tertulia.web_.mp3\">https:\/\/fabregaspere.com\/blog2\/wp-content\/uploads\/2014\/11\/2013.02.15.tertulia.web_.mp3<\/a><\/audio>\n","protected":false},"excerpt":{"rendered":"<p>Societat [2013.02.15] Tert\u00falia R\u00e0dio Sabadell. A Bona Hora amb Aura Costa: Joan Brunet, Pere-A. F\u00e0bregas, Joan Antoni Garcia Cazorla i Josep Sancristofol [2013.02.15] Temes: ahir va dimitir l\u2019alcalde Bustos, corrupci\u00f3-i tu m\u00e9s, situaci\u00f3 Ajuntament<\/p>\n","protected":false},"author":3,"featured_media":0,"comment_status":"closed","ping_status":"open","sticky":false,"template":"","format":"aside","meta":{"footnotes":""},"categories":[123,125,138],"tags":[48],"class_list":["post-4610","post","type-post","status-publish","format-aside","hentry","category-25-tertulia-radio","category-26-sociedad","category-01-catalan","tag-sabadell","post_format-post-format-aside"],"rttpg_featured_image_url":null,"rttpg_author":{"display_name":"Pere-A. F\u00e0bregas","author_link":"https:\/\/fabregaspere.com\/blog2\/author\/fabregaspere2\/"},"rttpg_comment":0,"rttpg_category":"<a href=\"https:\/\/fabregaspere.com\/blog2\/category\/tipos\/25-tertulia-radio\/\" rel=\"category tag\">a25. Tertulia radio<\/a> <a href=\"https:\/\/fabregaspere.com\/blog2\/category\/temas\/26-sociedad\/\" rel=\"category tag\">b26. Sociedad<\/a> <a href=\"https:\/\/fabregaspere.com\/blog2\/category\/idiomas\/01-catalan\/\" rel=\"category tag\">c01. Catal\u00e1n<\/a>","rttpg_excerpt":"Societat [2013.02.15] Tert\u00falia R\u00e0dio Sabadell. A Bona Hora amb Aura Costa: Joan Brunet, Pere-A. F\u00e0bregas, Joan Antoni Garcia Cazorla i Josep Sancristofol [2013.02.15] Temes: ahir va dimitir l\u2019alcalde Bustos, corrupci\u00f3-i tu m\u00e9s, situaci\u00f3 Ajuntament","_links":{"self":[{"href":"https:\/\/fabregaspere.com\/blog2\/wp-json\/wp\/v2\/posts\/4610","targetHints":{"allow":["GET"]}}],"collection":[{"href":"https:\/\/fabregaspere.com\/blog2\/wp-json\/wp\/v2\/posts"}],"about":[{"href":"https:\/\/fabregaspere.com\/blog2\/wp-json\/wp\/v2\/types\/post"}],"author":[{"embeddable":true,"href":"https:\/\/fabregaspere.com\/blog2\/wp-json\/wp\/v2\/users\/3"}],"replies":[{"embeddable":true,"href":"https:\/\/fabregaspere.com\/blog2\/wp-json\/wp\/v2\/comments?post=4610"}],"version-history":[{"count":7,"href":"https:\/\/fabregaspere.com\/blog2\/wp-json\/wp\/v2\/posts\/4610\/revisions"}],"predecessor-version":[{"id":17462,"href":"https:\/\/fabregaspere.com\/blog2\/wp-json\/wp\/v2\/posts\/4610\/revisions\/17462"}],"wp:attachment":[{"href":"https:\/\/fabregaspere.com\/blog2\/wp-json\/wp\/v2\/media?parent=4610"}],"wp:term":[{"taxonomy":"category","embeddable":true,"href":"https:\/\/fabregaspere.com\/blog2\/wp-json\/wp\/v2\/categories?post=4610"},{"taxonomy":"post_tag","embeddable":true,"href":"https:\/\/fabregaspere.com\/blog2\/wp-json\/wp\/v2\/tags?post=4610"}],"curies":[{"name":"wp","href":"https:\/\/api.w.org\/{rel}","templated":true}]}}