{"id":4731,"date":"2013-10-18T00:00:17","date_gmt":"2013-10-17T22:00:17","guid":{"rendered":"http:\/\/fabregaspere.com\/blog2\/?p=4731"},"modified":"2025-12-07T16:42:29","modified_gmt":"2025-12-07T15:42:29","slug":"tertulia-radio-radio-sabadell-a-bona-hora-2013-10-18","status":"publish","type":"post","link":"https:\/\/fabregaspere.com\/blog2\/2013\/10\/18\/tertulia-radio-radio-sabadell-a-bona-hora-2013-10-18\/","title":{"rendered":"[TERT\u00daLIA R\u00c0DIO] R\u00e0dio Sabadell: A Bona Hora [2013.10.18]"},"content":{"rendered":"<p style=\"text-align: justify;\"><strong><span style=\"text-decoration: underline;\"><a href=\"https:\/\/fabregaspere.com\/blog2\/wp-content\/uploads\/2012\/10\/0000.00.00.Radio-Sabadell.logo_.jpg\"><img loading=\"lazy\" decoding=\"async\" class=\"aligncenter\" src=\"https:\/\/fabregaspere.com\/blog2\/wp-content\/uploads\/2012\/10\/0000.00.00.Radio-Sabadell.logo_.jpg\" alt=\"\" width=\"693\" height=\"193\" \/><\/a><a href=\"https:\/\/fabregaspere.com\/blog2\/wp-content\/uploads\/2014\/11\/2013.10.18.tweet_.Radio-Sabadell.jpg\"><img loading=\"lazy\" decoding=\"async\" class=\"aligncenter\" src=\"https:\/\/fabregaspere.com\/blog2\/wp-content\/uploads\/2014\/11\/2013.10.18.tweet_.Radio-Sabadell.jpg\" alt=\"\" width=\"1050\" height=\"426\" \/><\/a><span style=\"font-family: verdana, geneva, sans-serif; font-size: 14px;\">Societat [2013.10.18]<\/span><\/span><\/strong><\/p>\n<p><span style=\"font-family: verdana, geneva, sans-serif; font-size: 14px;\"><strong>Tert\u00falia R\u00e0dio Sabadell. A Bona Hora amb Aura Costa: Joan Brunet, Pere-A. F\u00e0bregas, Josep Sancrist\u00f2fol [2013.10.18]<\/strong><\/span><\/p>\n<p><span style=\"font-family: verdana, geneva, sans-serif; font-size: 14px;\"><strong>Temes: Albert Pla i la provocaci\u00f3, Corral de Almagro: \u201cEn el escenario, la mentira es verdad\u201d, Fundaci\u00f3 Teuli, Artur Mas\/Soraya Saenz de Santamaria, Informe UGT rebaixes salarials vs competitivitat<\/strong><\/span><\/p>\n<!--[if lt IE 9]><script>document.createElement('audio');<\/script><![endif]-->\n<audio class=\"wp-audio-shortcode\" id=\"audio-4731-1\" preload=\"none\" style=\"width: 100%;\" controls=\"controls\"><source type=\"audio\/mpeg\" src=\"https:\/\/fabregaspere.com\/blog2\/wp-content\/uploads\/2014\/11\/2013.10.18.tertulia.web_.mp3?_=1\" \/><a href=\"https:\/\/fabregaspere.com\/blog2\/wp-content\/uploads\/2014\/11\/2013.10.18.tertulia.web_.mp3\">https:\/\/fabregaspere.com\/blog2\/wp-content\/uploads\/2014\/11\/2013.10.18.tertulia.web_.mp3<\/a><\/audio>\n","protected":false},"excerpt":{"rendered":"<p>Societat [2013.10.18] Tert\u00falia R\u00e0dio Sabadell. A Bona Hora amb Aura Costa: Joan Brunet, Pere-A. F\u00e0bregas, Josep Sancrist\u00f2fol [2013.10.18] Temes: Albert Pla i la provocaci\u00f3, Corral de Almagro: \u201cEn el escenario, la mentira es verdad\u201d, Fundaci\u00f3 Teuli, Artur Mas\/Soraya Saenz de Santamaria, Informe UGT rebaixes salarials vs competitivitat<\/p>\n","protected":false},"author":3,"featured_media":0,"comment_status":"closed","ping_status":"open","sticky":false,"template":"","format":"aside","meta":{"footnotes":""},"categories":[123,125,138],"tags":[48],"class_list":["post-4731","post","type-post","status-publish","format-aside","hentry","category-25-tertulia-radio","category-26-sociedad","category-01-catalan","tag-sabadell","post_format-post-format-aside"],"rttpg_featured_image_url":null,"rttpg_author":{"display_name":"Pere-A. F\u00e0bregas","author_link":"https:\/\/fabregaspere.com\/blog2\/author\/fabregaspere2\/"},"rttpg_comment":0,"rttpg_category":"<a href=\"https:\/\/fabregaspere.com\/blog2\/category\/tipos\/25-tertulia-radio\/\" rel=\"category tag\">a25. Tertulia radio<\/a> <a href=\"https:\/\/fabregaspere.com\/blog2\/category\/temas\/26-sociedad\/\" rel=\"category tag\">b26. Sociedad<\/a> <a href=\"https:\/\/fabregaspere.com\/blog2\/category\/idiomas\/01-catalan\/\" rel=\"category tag\">c01. Catal\u00e1n<\/a>","rttpg_excerpt":"Societat [2013.10.18] Tert\u00falia R\u00e0dio Sabadell. A Bona Hora amb Aura Costa: Joan Brunet, Pere-A. F\u00e0bregas, Josep Sancrist\u00f2fol [2013.10.18] Temes: Albert Pla i la provocaci\u00f3, Corral de Almagro: \u201cEn el escenario, la mentira es verdad\u201d, Fundaci\u00f3 Teuli, Artur Mas\/Soraya Saenz de Santamaria, Informe UGT rebaixes salarials vs competitivitat","_links":{"self":[{"href":"https:\/\/fabregaspere.com\/blog2\/wp-json\/wp\/v2\/posts\/4731","targetHints":{"allow":["GET"]}}],"collection":[{"href":"https:\/\/fabregaspere.com\/blog2\/wp-json\/wp\/v2\/posts"}],"about":[{"href":"https:\/\/fabregaspere.com\/blog2\/wp-json\/wp\/v2\/types\/post"}],"author":[{"embeddable":true,"href":"https:\/\/fabregaspere.com\/blog2\/wp-json\/wp\/v2\/users\/3"}],"replies":[{"embeddable":true,"href":"https:\/\/fabregaspere.com\/blog2\/wp-json\/wp\/v2\/comments?post=4731"}],"version-history":[{"count":5,"href":"https:\/\/fabregaspere.com\/blog2\/wp-json\/wp\/v2\/posts\/4731\/revisions"}],"predecessor-version":[{"id":17487,"href":"https:\/\/fabregaspere.com\/blog2\/wp-json\/wp\/v2\/posts\/4731\/revisions\/17487"}],"wp:attachment":[{"href":"https:\/\/fabregaspere.com\/blog2\/wp-json\/wp\/v2\/media?parent=4731"}],"wp:term":[{"taxonomy":"category","embeddable":true,"href":"https:\/\/fabregaspere.com\/blog2\/wp-json\/wp\/v2\/categories?post=4731"},{"taxonomy":"post_tag","embeddable":true,"href":"https:\/\/fabregaspere.com\/blog2\/wp-json\/wp\/v2\/tags?post=4731"}],"curies":[{"name":"wp","href":"https:\/\/api.w.org\/{rel}","templated":true}]}}