{"id":4886,"date":"2014-06-27T00:00:05","date_gmt":"2014-06-26T22:00:05","guid":{"rendered":"http:\/\/fabregaspere.com\/blog2\/?p=4886"},"modified":"2024-07-23T09:53:53","modified_gmt":"2024-07-23T07:53:53","slug":"tertulia-radio-radio-sabadell-a-bona-hora-2014-06-27","status":"publish","type":"post","link":"https:\/\/fabregaspere.com\/blog2\/2014\/06\/27\/tertulia-radio-radio-sabadell-a-bona-hora-2014-06-27\/","title":{"rendered":"[TERT\u00daLIA R\u00c0DIO] R\u00e0dio Sabadell: A Bona Hora [2014.06.27]"},"content":{"rendered":"<p><span style=\"text-decoration: underline;\"><strong><span style=\"font-family: arial,helvetica,sans-serif; font-size: 12pt;\"><img loading=\"lazy\" decoding=\"async\" class=\"size-full wp-image-5754 aligncenter\" src=\"https:\/\/fabregaspere.com\/blog2\/wp-content\/uploads\/2012\/10\/0000.00.00.Radio-Sabadell.logo_.jpg\" alt=\"\" width=\"693\" height=\"193\" srcset=\"https:\/\/fabregaspere.com\/blog2\/wp-content\/uploads\/2012\/10\/0000.00.00.Radio-Sabadell.logo_.jpg 693w, https:\/\/fabregaspere.com\/blog2\/wp-content\/uploads\/2012\/10\/0000.00.00.Radio-Sabadell.logo_-150x42.jpg 150w, https:\/\/fabregaspere.com\/blog2\/wp-content\/uploads\/2012\/10\/0000.00.00.Radio-Sabadell.logo_-300x84.jpg 300w\" sizes=\"auto, (max-width: 693px) 100vw, 693px\" \/><img loading=\"lazy\" decoding=\"async\" class=\"size-full wp-image-4888 aligncenter\" src=\"https:\/\/fabregaspere.com\/blog2\/wp-content\/uploads\/2014\/11\/2014.06.27.tweet_.Radio-Sabadell.jpg\" alt=\"\" width=\"999\" height=\"431\" srcset=\"https:\/\/fabregaspere.com\/blog2\/wp-content\/uploads\/2014\/11\/2014.06.27.tweet_.Radio-Sabadell.jpg 999w, https:\/\/fabregaspere.com\/blog2\/wp-content\/uploads\/2014\/11\/2014.06.27.tweet_.Radio-Sabadell-150x64.jpg 150w, https:\/\/fabregaspere.com\/blog2\/wp-content\/uploads\/2014\/11\/2014.06.27.tweet_.Radio-Sabadell-300x129.jpg 300w\" sizes=\"auto, (max-width: 999px) 100vw, 999px\" \/><span style=\"font-family: verdana, geneva, sans-serif; font-size: 14px;\">Societat [2014.06.27]<\/span><\/span><\/strong><\/span><\/p>\n<p><span style=\"font-family: verdana, geneva, sans-serif; font-size: 14px;\"><strong>Tert\u00falia R\u00e0dio Sabadell. A Bona Hora amb Aura Costa: Joan Brunet, Pere-A. F\u00e0bregas, Antoni Garrell [2014.06.27]<\/strong><\/span><\/p>\n<p><span style=\"font-family: verdana, geneva, sans-serif; font-size: 14px;\"><strong>Temes: Llistes espera-esfor\u00e7 professionals, Parc Taul\u00ed-Cl\u00ednica Vall\u00e8s, Vacances escolars, Beques-pobresa infantil, Torredembarra-corrupci\u00f3, Ley de Enjuiciamiento Criminal (1882)<\/strong><\/span><\/p>\n<!--[if lt IE 9]><script>document.createElement('audio');<\/script><![endif]-->\n<audio class=\"wp-audio-shortcode\" id=\"audio-4886-1\" preload=\"none\" style=\"width: 100%;\" controls=\"controls\"><source type=\"audio\/mpeg\" src=\"https:\/\/fabregaspere.com\/blog2\/wp-content\/uploads\/2014\/11\/2014.06.27.tertulia.web_.mp3?_=1\" \/><a href=\"https:\/\/fabregaspere.com\/blog2\/wp-content\/uploads\/2014\/11\/2014.06.27.tertulia.web_.mp3\">https:\/\/fabregaspere.com\/blog2\/wp-content\/uploads\/2014\/11\/2014.06.27.tertulia.web_.mp3<\/a><\/audio>\n","protected":false},"excerpt":{"rendered":"<p>Societat [2014.06.27] Tert\u00falia R\u00e0dio Sabadell. A Bona Hora amb Aura Costa: Joan Brunet, Pere-A. F\u00e0bregas, Antoni Garrell [2014.06.27] Temes: Llistes espera-esfor\u00e7 professionals, Parc Taul\u00ed-Cl\u00ednica Vall\u00e8s, Vacances escolars, Beques-pobresa infantil, Torredembarra-corrupci\u00f3, Ley de Enjuiciamiento Criminal (1882)<\/p>\n","protected":false},"author":3,"featured_media":0,"comment_status":"closed","ping_status":"open","sticky":false,"template":"","format":"aside","meta":{"footnotes":""},"categories":[123,125,138],"tags":[48],"class_list":["post-4886","post","type-post","status-publish","format-aside","hentry","category-25-tertulia-radio","category-26-sociedad","category-01-catalan","tag-sabadell","post_format-post-format-aside"],"rttpg_featured_image_url":null,"rttpg_author":{"display_name":"Pere-A. F\u00e0bregas","author_link":"https:\/\/fabregaspere.com\/blog2\/author\/fabregaspere2\/"},"rttpg_comment":0,"rttpg_category":"<a href=\"https:\/\/fabregaspere.com\/blog2\/category\/tipos\/25-tertulia-radio\/\" rel=\"category tag\">a25. Tertulia radio<\/a> <a href=\"https:\/\/fabregaspere.com\/blog2\/category\/temas\/26-sociedad\/\" rel=\"category tag\">b26. Sociedad<\/a> <a href=\"https:\/\/fabregaspere.com\/blog2\/category\/idiomas\/01-catalan\/\" rel=\"category tag\">c01. Catal\u00e1n<\/a>","rttpg_excerpt":"Societat [2014.06.27] Tert\u00falia R\u00e0dio Sabadell. A Bona Hora amb Aura Costa: Joan Brunet, Pere-A. F\u00e0bregas, Antoni Garrell [2014.06.27] Temes: Llistes espera-esfor\u00e7 professionals, Parc Taul\u00ed-Cl\u00ednica Vall\u00e8s, Vacances escolars, Beques-pobresa infantil, Torredembarra-corrupci\u00f3, Ley de Enjuiciamiento Criminal (1882)","_links":{"self":[{"href":"https:\/\/fabregaspere.com\/blog2\/wp-json\/wp\/v2\/posts\/4886","targetHints":{"allow":["GET"]}}],"collection":[{"href":"https:\/\/fabregaspere.com\/blog2\/wp-json\/wp\/v2\/posts"}],"about":[{"href":"https:\/\/fabregaspere.com\/blog2\/wp-json\/wp\/v2\/types\/post"}],"author":[{"embeddable":true,"href":"https:\/\/fabregaspere.com\/blog2\/wp-json\/wp\/v2\/users\/3"}],"replies":[{"embeddable":true,"href":"https:\/\/fabregaspere.com\/blog2\/wp-json\/wp\/v2\/comments?post=4886"}],"version-history":[{"count":4,"href":"https:\/\/fabregaspere.com\/blog2\/wp-json\/wp\/v2\/posts\/4886\/revisions"}],"predecessor-version":[{"id":12564,"href":"https:\/\/fabregaspere.com\/blog2\/wp-json\/wp\/v2\/posts\/4886\/revisions\/12564"}],"wp:attachment":[{"href":"https:\/\/fabregaspere.com\/blog2\/wp-json\/wp\/v2\/media?parent=4886"}],"wp:term":[{"taxonomy":"category","embeddable":true,"href":"https:\/\/fabregaspere.com\/blog2\/wp-json\/wp\/v2\/categories?post=4886"},{"taxonomy":"post_tag","embeddable":true,"href":"https:\/\/fabregaspere.com\/blog2\/wp-json\/wp\/v2\/tags?post=4886"}],"curies":[{"name":"wp","href":"https:\/\/api.w.org\/{rel}","templated":true}]}}