{"id":491,"date":"1993-05-01T12:37:15","date_gmt":"1993-05-01T10:37:15","guid":{"rendered":"http:\/\/fabregaspere.com\/blog2\/?p=491"},"modified":"2024-07-27T10:05:15","modified_gmt":"2024-07-27T08:05:15","slug":"publicacions-el-balanc-anual-de-lassociacio-es-positiu-i-les-expectatives-son-esperancadores","status":"publish","type":"post","link":"https:\/\/fabregaspere.com\/blog2\/1993\/05\/01\/publicacions-el-balanc-anual-de-lassociacio-es-positiu-i-les-expectatives-son-esperancadores\/","title":{"rendered":"[EDITORIAL REVISTA] El balan\u00e7 anual de l&#8217;Associaci\u00f3 es positiu i les expectatives son esperan\u00e7adores [ESADE Alumni][1993.05.01]"},"content":{"rendered":"<p><span style=\"text-decoration: underline;\"><span style=\"font-family: verdana, geneva, sans-serif; font-size: 14px;\"><strong><a href=\"https:\/\/fabregaspere.com\/blog2\/wp-content\/uploads\/1993\/05\/1993.05.01.AAAE_.El-balanc-anual-de-lAssociacio.jpg\"><img loading=\"lazy\" decoding=\"async\" class=\"alignleft wp-image-12949 size-medium\" src=\"https:\/\/fabregaspere.com\/blog2\/wp-content\/uploads\/1993\/05\/1993.05.01.AAAE_.El-balanc-anual-de-lAssociacio-217x300.jpg\" alt=\"\" width=\"217\" height=\"300\" srcset=\"https:\/\/fabregaspere.com\/blog2\/wp-content\/uploads\/1993\/05\/1993.05.01.AAAE_.El-balanc-anual-de-lAssociacio-217x300.jpg 217w, https:\/\/fabregaspere.com\/blog2\/wp-content\/uploads\/1993\/05\/1993.05.01.AAAE_.El-balanc-anual-de-lAssociacio-108x150.jpg 108w, https:\/\/fabregaspere.com\/blog2\/wp-content\/uploads\/1993\/05\/1993.05.01.AAAE_.El-balanc-anual-de-lAssociacio.jpg 415w\" sizes=\"auto, (max-width: 217px) 100vw, 217px\" \/><\/a>ESADE [1993.05.01]<\/strong><\/span><\/span><\/p>\n<p><span style=\"font-family: verdana, geneva, sans-serif; font-size: 14px;\"><strong>F\u00c0BREGAS, Pere-A. (1993): \u00abEl balan\u00e7 anual de l&#8217;Associaci\u00f3 es positiu i les expectatives son esperan\u00e7adores\u00bb<\/strong><\/span><\/p>\n<p><span style=\"font-family: verdana, geneva, sans-serif; font-size: 14px;\"><strong>a <em>Revista Associaci\u00f3 d&#8217;Antics Alumnes d&#8217;ESADE<\/em>, n\u00ba 54 (maig-juliol 1993), p. 5, Barcelona<\/strong><\/span><\/p>\n<p><span style=\"font-family: verdana, geneva, sans-serif; font-size: 14px;\"><strong><a href=\"https:\/\/fabregaspere.com\/blog2\/wp-content\/uploads\/1993\/05\/1993.05.01.AAA_.El-balanc-anual-de-lAssociacio.pdf\" target=\"_blank\" rel=\"noopener\">Descarregar PDF<\/a><\/strong><\/span><\/p>\n","protected":false},"excerpt":{"rendered":"<p>ESADE [1993.05.01] F\u00c0BREGAS, Pere-A. (1993): \u00abEl balan\u00e7 anual de l&#8217;Associaci\u00f3 es positiu i les expectatives son esperan\u00e7adores\u00bb a Revista Associaci\u00f3 d&#8217;Antics Alumnes d&#8217;ESADE, n\u00ba 54 (maig-juliol 1993), p. 5, Barcelona Descarregar PDF<\/p>\n","protected":false},"author":3,"featured_media":0,"comment_status":"closed","ping_status":"open","sticky":false,"template":"","format":"aside","meta":{"footnotes":""},"categories":[12,29,138],"tags":[50],"class_list":["post-491","post","type-post","status-publish","format-aside","hentry","category-09-editorial-revista","category-esade","category-01-catalan","tag-barcelona","post_format-post-format-aside"],"rttpg_featured_image_url":null,"rttpg_author":{"display_name":"Pere-A. F\u00e0bregas","author_link":"https:\/\/fabregaspere.com\/blog2\/author\/fabregaspere2\/"},"rttpg_comment":0,"rttpg_category":"<a href=\"https:\/\/fabregaspere.com\/blog2\/category\/tipos\/09-editorial-revista\/\" rel=\"category tag\">a09. Editorial revista<\/a> <a href=\"https:\/\/fabregaspere.com\/blog2\/category\/temas\/esade\/\" rel=\"category tag\">b07. ESADE<\/a> <a href=\"https:\/\/fabregaspere.com\/blog2\/category\/idiomas\/01-catalan\/\" rel=\"category tag\">c01. Catal\u00e1n<\/a>","rttpg_excerpt":"ESADE [1993.05.01] F\u00c0BREGAS, Pere-A. (1993): \u00abEl balan\u00e7 anual de l&#8217;Associaci\u00f3 es positiu i les expectatives son esperan\u00e7adores\u00bb a Revista Associaci\u00f3 d&#8217;Antics Alumnes d&#8217;ESADE, n\u00ba 54 (maig-juliol 1993), p. 5, Barcelona Descarregar PDF","_links":{"self":[{"href":"https:\/\/fabregaspere.com\/blog2\/wp-json\/wp\/v2\/posts\/491","targetHints":{"allow":["GET"]}}],"collection":[{"href":"https:\/\/fabregaspere.com\/blog2\/wp-json\/wp\/v2\/posts"}],"about":[{"href":"https:\/\/fabregaspere.com\/blog2\/wp-json\/wp\/v2\/types\/post"}],"author":[{"embeddable":true,"href":"https:\/\/fabregaspere.com\/blog2\/wp-json\/wp\/v2\/users\/3"}],"replies":[{"embeddable":true,"href":"https:\/\/fabregaspere.com\/blog2\/wp-json\/wp\/v2\/comments?post=491"}],"version-history":[{"count":6,"href":"https:\/\/fabregaspere.com\/blog2\/wp-json\/wp\/v2\/posts\/491\/revisions"}],"predecessor-version":[{"id":12950,"href":"https:\/\/fabregaspere.com\/blog2\/wp-json\/wp\/v2\/posts\/491\/revisions\/12950"}],"wp:attachment":[{"href":"https:\/\/fabregaspere.com\/blog2\/wp-json\/wp\/v2\/media?parent=491"}],"wp:term":[{"taxonomy":"category","embeddable":true,"href":"https:\/\/fabregaspere.com\/blog2\/wp-json\/wp\/v2\/categories?post=491"},{"taxonomy":"post_tag","embeddable":true,"href":"https:\/\/fabregaspere.com\/blog2\/wp-json\/wp\/v2\/tags?post=491"}],"curies":[{"name":"wp","href":"https:\/\/api.w.org\/{rel}","templated":true}]}}