{"id":5647,"date":"2015-09-18T00:00:36","date_gmt":"2015-09-17T22:00:36","guid":{"rendered":"http:\/\/fabregaspere.com\/blog2\/?p=5647"},"modified":"2024-07-23T09:14:26","modified_gmt":"2024-07-23T07:14:26","slug":"tertulia-radio-radio-sabadell-a-bona-hora-2015-09-18","status":"publish","type":"post","link":"https:\/\/fabregaspere.com\/blog2\/2015\/09\/18\/tertulia-radio-radio-sabadell-a-bona-hora-2015-09-18\/","title":{"rendered":"[TERT\u00daLIA R\u00c0DIO] R\u00e0dio Sabadell: A Bona Hora [2015.09.18]"},"content":{"rendered":"<p><span style=\"text-decoration: underline;\"><strong><span style=\"font-family: arial, helvetica, sans-serif; font-size: 12pt;\"><img loading=\"lazy\" decoding=\"async\" class=\"size-full wp-image-5754 aligncenter\" src=\"https:\/\/fabregaspere.com\/blog2\/wp-content\/uploads\/2012\/10\/0000.00.00.Radio-Sabadell.logo_.jpg\" alt=\"\" width=\"693\" height=\"193\" srcset=\"https:\/\/fabregaspere.com\/blog2\/wp-content\/uploads\/2012\/10\/0000.00.00.Radio-Sabadell.logo_.jpg 693w, https:\/\/fabregaspere.com\/blog2\/wp-content\/uploads\/2012\/10\/0000.00.00.Radio-Sabadell.logo_-150x42.jpg 150w, https:\/\/fabregaspere.com\/blog2\/wp-content\/uploads\/2012\/10\/0000.00.00.Radio-Sabadell.logo_-300x84.jpg 300w\" sizes=\"auto, (max-width: 693px) 100vw, 693px\" \/><span style=\"font-family: verdana, geneva, sans-serif; font-size: 14px;\">Societat [2015.09.18]<\/span><\/span><\/strong><\/span><\/p>\n<p><span style=\"font-family: verdana, geneva, sans-serif; font-size: 14px;\"><strong>Tert\u00falia R\u00e0dio Sabadell. A Bona Hora amb Aura Costa: Joan Brunet, Pere-A. F\u00e0bregas, Antoni Garrell, Ferran Teva (C&#8217;s) [2015.09.18]<\/strong><\/span><\/p>\n<p><span style=\"font-family: verdana, geneva, sans-serif; font-size: 14px;\"><strong>Temes: Increment operacions aeroport de Sabadell, Eleccions &#8211; politica &#8211; inmigrants<\/strong><\/span><\/p>\n<!--[if lt IE 9]><script>document.createElement('audio');<\/script><![endif]-->\n<audio class=\"wp-audio-shortcode\" id=\"audio-5647-1\" preload=\"none\" style=\"width: 100%;\" controls=\"controls\"><source type=\"audio\/mpeg\" src=\"https:\/\/fabregaspere.com\/blog2\/wp-content\/uploads\/2016\/04\/2015.09.18.tertulia.web_.mp3?_=1\" \/><a href=\"https:\/\/fabregaspere.com\/blog2\/wp-content\/uploads\/2016\/04\/2015.09.18.tertulia.web_.mp3\">https:\/\/fabregaspere.com\/blog2\/wp-content\/uploads\/2016\/04\/2015.09.18.tertulia.web_.mp3<\/a><\/audio>\n","protected":false},"excerpt":{"rendered":"<p>Societat [2015.09.18] Tert\u00falia R\u00e0dio Sabadell. A Bona Hora amb Aura Costa: Joan Brunet, Pere-A. F\u00e0bregas, Antoni Garrell, Ferran Teva (C&#8217;s) [2015.09.18] Temes: Increment operacions aeroport de Sabadell, Eleccions &#8211; politica &#8211; inmigrants<\/p>\n","protected":false},"author":3,"featured_media":0,"comment_status":"closed","ping_status":"open","sticky":false,"template":"","format":"aside","meta":{"footnotes":""},"categories":[123,125,138],"tags":[48],"class_list":["post-5647","post","type-post","status-publish","format-aside","hentry","category-25-tertulia-radio","category-26-sociedad","category-01-catalan","tag-sabadell","post_format-post-format-aside"],"rttpg_featured_image_url":null,"rttpg_author":{"display_name":"Pere-A. F\u00e0bregas","author_link":"https:\/\/fabregaspere.com\/blog2\/author\/fabregaspere2\/"},"rttpg_comment":0,"rttpg_category":"<a href=\"https:\/\/fabregaspere.com\/blog2\/category\/tipos\/25-tertulia-radio\/\" rel=\"category tag\">a25. Tertulia radio<\/a> <a href=\"https:\/\/fabregaspere.com\/blog2\/category\/temas\/26-sociedad\/\" rel=\"category tag\">b26. Sociedad<\/a> <a href=\"https:\/\/fabregaspere.com\/blog2\/category\/idiomas\/01-catalan\/\" rel=\"category tag\">c01. Catal\u00e1n<\/a>","rttpg_excerpt":"Societat [2015.09.18] Tert\u00falia R\u00e0dio Sabadell. A Bona Hora amb Aura Costa: Joan Brunet, Pere-A. F\u00e0bregas, Antoni Garrell, Ferran Teva (C&#8217;s) [2015.09.18] Temes: Increment operacions aeroport de Sabadell, Eleccions &#8211; politica &#8211; inmigrants","_links":{"self":[{"href":"https:\/\/fabregaspere.com\/blog2\/wp-json\/wp\/v2\/posts\/5647","targetHints":{"allow":["GET"]}}],"collection":[{"href":"https:\/\/fabregaspere.com\/blog2\/wp-json\/wp\/v2\/posts"}],"about":[{"href":"https:\/\/fabregaspere.com\/blog2\/wp-json\/wp\/v2\/types\/post"}],"author":[{"embeddable":true,"href":"https:\/\/fabregaspere.com\/blog2\/wp-json\/wp\/v2\/users\/3"}],"replies":[{"embeddable":true,"href":"https:\/\/fabregaspere.com\/blog2\/wp-json\/wp\/v2\/comments?post=5647"}],"version-history":[{"count":4,"href":"https:\/\/fabregaspere.com\/blog2\/wp-json\/wp\/v2\/posts\/5647\/revisions"}],"predecessor-version":[{"id":12520,"href":"https:\/\/fabregaspere.com\/blog2\/wp-json\/wp\/v2\/posts\/5647\/revisions\/12520"}],"wp:attachment":[{"href":"https:\/\/fabregaspere.com\/blog2\/wp-json\/wp\/v2\/media?parent=5647"}],"wp:term":[{"taxonomy":"category","embeddable":true,"href":"https:\/\/fabregaspere.com\/blog2\/wp-json\/wp\/v2\/categories?post=5647"},{"taxonomy":"post_tag","embeddable":true,"href":"https:\/\/fabregaspere.com\/blog2\/wp-json\/wp\/v2\/tags?post=5647"}],"curies":[{"name":"wp","href":"https:\/\/api.w.org\/{rel}","templated":true}]}}