{"id":5778,"date":"2016-04-08T00:00:30","date_gmt":"2016-04-07T22:00:30","guid":{"rendered":"http:\/\/fabregaspere.com\/blog2\/?p=5778"},"modified":"2024-07-22T20:51:51","modified_gmt":"2024-07-22T18:51:51","slug":"tertulia-radio-radio-sabadell-a-bona-hora-2016-04-08","status":"publish","type":"post","link":"https:\/\/fabregaspere.com\/blog2\/2016\/04\/08\/tertulia-radio-radio-sabadell-a-bona-hora-2016-04-08\/","title":{"rendered":"[TERT\u00daLIA R\u00c0DIO] R\u00e0dio Sabadell: A Bona Hora [2016.04.08]"},"content":{"rendered":"<p><span style=\"text-decoration: underline;\"><strong><span style=\"font-family: arial, helvetica, sans-serif; font-size: 12pt;\"><img loading=\"lazy\" decoding=\"async\" class=\"size-full wp-image-5754 aligncenter\" src=\"https:\/\/fabregaspere.com\/blog2\/wp-content\/uploads\/2012\/10\/0000.00.00.Radio-Sabadell.logo_.jpg\" alt=\"\" width=\"693\" height=\"193\" srcset=\"https:\/\/fabregaspere.com\/blog2\/wp-content\/uploads\/2012\/10\/0000.00.00.Radio-Sabadell.logo_.jpg 693w, https:\/\/fabregaspere.com\/blog2\/wp-content\/uploads\/2012\/10\/0000.00.00.Radio-Sabadell.logo_-150x42.jpg 150w, https:\/\/fabregaspere.com\/blog2\/wp-content\/uploads\/2012\/10\/0000.00.00.Radio-Sabadell.logo_-300x84.jpg 300w\" sizes=\"auto, (max-width: 693px) 100vw, 693px\" \/><img loading=\"lazy\" decoding=\"async\" class=\"size-full wp-image-5780 aligncenter\" src=\"https:\/\/fabregaspere.com\/blog2\/wp-content\/uploads\/2016\/04\/2016.04.08.Radio-Sabadell.tweet_.jpg\" alt=\"\" width=\"645\" height=\"335\" srcset=\"https:\/\/fabregaspere.com\/blog2\/wp-content\/uploads\/2016\/04\/2016.04.08.Radio-Sabadell.tweet_.jpg 645w, https:\/\/fabregaspere.com\/blog2\/wp-content\/uploads\/2016\/04\/2016.04.08.Radio-Sabadell.tweet_-150x78.jpg 150w, https:\/\/fabregaspere.com\/blog2\/wp-content\/uploads\/2016\/04\/2016.04.08.Radio-Sabadell.tweet_-300x156.jpg 300w\" sizes=\"auto, (max-width: 645px) 100vw, 645px\" \/><span style=\"font-family: verdana, geneva, sans-serif; font-size: 14px;\">Societat [2016.04.08]<\/span><\/span><\/strong><\/span><\/p>\n<p><span style=\"font-family: verdana, geneva, sans-serif; font-size: 14px;\"><strong>Tert\u00falia R\u00e0dio Sabadell. A Bona Hora amb Aura Costa: Joan Brunet, Pere-A. F\u00e0bregas, Antoni Garrell, Ferran Teva (C&#8217;s) [2016.04.08]<\/strong><\/span><\/p>\n<p><span style=\"font-family: verdana, geneva, sans-serif; font-size: 14px;\"><strong>Temes:Casal alliberat L&#8217;Obrera &#8211; pintades racistes, la politica anti-crisi d&#8217;EUA es podia haver fet a l&#8217;Europa de Merkel, Es parla de retallades &#8211; no es parla de per qu\u00e9?, Papers de Panam\u00e0, Espanya masses lleis, Horts urbans de tipus social<\/strong><\/span><\/p>\n<p><span style=\"font-family: verdana, geneva, sans-serif; font-size: 14px;\"><strong>[Es la darrera tert\u00f9lia]<\/strong><\/span><\/p>\n<!--[if lt IE 9]><script>document.createElement('audio');<\/script><![endif]-->\n<audio class=\"wp-audio-shortcode\" id=\"audio-5778-1\" preload=\"none\" style=\"width: 100%;\" controls=\"controls\"><source type=\"audio\/mpeg\" src=\"https:\/\/fabregaspere.com\/blog2\/wp-content\/uploads\/2016\/04\/2016.04.08.tertulia.web_.mp3?_=1\" \/><a href=\"https:\/\/fabregaspere.com\/blog2\/wp-content\/uploads\/2016\/04\/2016.04.08.tertulia.web_.mp3\">https:\/\/fabregaspere.com\/blog2\/wp-content\/uploads\/2016\/04\/2016.04.08.tertulia.web_.mp3<\/a><\/audio>\n","protected":false},"excerpt":{"rendered":"<p>Societat [2016.04.08] Tert\u00falia R\u00e0dio Sabadell. A Bona Hora amb Aura Costa: Joan Brunet, Pere-A. F\u00e0bregas, Antoni Garrell, Ferran Teva (C&#8217;s) [2016.04.08] Temes:Casal alliberat L&#8217;Obrera &#8211; pintades racistes, la politica anti-crisi d&#8217;EUA es podia haver fet a l&#8217;Europa de Merkel, Es parla de retallades &#8211; no es parla de per qu\u00e9?, Papers de Panam\u00e0, Espanya masses &hellip; <a href=\"https:\/\/fabregaspere.com\/blog2\/2016\/04\/08\/tertulia-radio-radio-sabadell-a-bona-hora-2016-04-08\/\" class=\"more-link\">Seguir leyendo <span class=\"screen-reader-text\">[TERT\u00daLIA R\u00c0DIO] R\u00e0dio Sabadell: A Bona Hora [2016.04.08]<\/span> <span class=\"meta-nav\">&rarr;<\/span><\/a><\/p>\n","protected":false},"author":3,"featured_media":0,"comment_status":"closed","ping_status":"open","sticky":false,"template":"","format":"aside","meta":{"footnotes":""},"categories":[123,125,138],"tags":[48],"class_list":["post-5778","post","type-post","status-publish","format-aside","hentry","category-25-tertulia-radio","category-26-sociedad","category-01-catalan","tag-sabadell","post_format-post-format-aside"],"rttpg_featured_image_url":null,"rttpg_author":{"display_name":"Pere-A. F\u00e0bregas","author_link":"https:\/\/fabregaspere.com\/blog2\/author\/fabregaspere2\/"},"rttpg_comment":0,"rttpg_category":"<a href=\"https:\/\/fabregaspere.com\/blog2\/category\/tipos\/25-tertulia-radio\/\" rel=\"category tag\">a25. Tertulia radio<\/a> <a href=\"https:\/\/fabregaspere.com\/blog2\/category\/temas\/26-sociedad\/\" rel=\"category tag\">b26. Sociedad<\/a> <a href=\"https:\/\/fabregaspere.com\/blog2\/category\/idiomas\/01-catalan\/\" rel=\"category tag\">c01. Catal\u00e1n<\/a>","rttpg_excerpt":"Societat [2016.04.08] Tert\u00falia R\u00e0dio Sabadell. A Bona Hora amb Aura Costa: Joan Brunet, Pere-A. F\u00e0bregas, Antoni Garrell, Ferran Teva (C&#8217;s) [2016.04.08] Temes:Casal alliberat L&#8217;Obrera &#8211; pintades racistes, la politica anti-crisi d&#8217;EUA es podia haver fet a l&#8217;Europa de Merkel, Es parla de retallades &#8211; no es parla de per qu\u00e9?, Papers de Panam\u00e0, Espanya masses&hellip;","_links":{"self":[{"href":"https:\/\/fabregaspere.com\/blog2\/wp-json\/wp\/v2\/posts\/5778","targetHints":{"allow":["GET"]}}],"collection":[{"href":"https:\/\/fabregaspere.com\/blog2\/wp-json\/wp\/v2\/posts"}],"about":[{"href":"https:\/\/fabregaspere.com\/blog2\/wp-json\/wp\/v2\/types\/post"}],"author":[{"embeddable":true,"href":"https:\/\/fabregaspere.com\/blog2\/wp-json\/wp\/v2\/users\/3"}],"replies":[{"embeddable":true,"href":"https:\/\/fabregaspere.com\/blog2\/wp-json\/wp\/v2\/comments?post=5778"}],"version-history":[{"count":5,"href":"https:\/\/fabregaspere.com\/blog2\/wp-json\/wp\/v2\/posts\/5778\/revisions"}],"predecessor-version":[{"id":12497,"href":"https:\/\/fabregaspere.com\/blog2\/wp-json\/wp\/v2\/posts\/5778\/revisions\/12497"}],"wp:attachment":[{"href":"https:\/\/fabregaspere.com\/blog2\/wp-json\/wp\/v2\/media?parent=5778"}],"wp:term":[{"taxonomy":"category","embeddable":true,"href":"https:\/\/fabregaspere.com\/blog2\/wp-json\/wp\/v2\/categories?post=5778"},{"taxonomy":"post_tag","embeddable":true,"href":"https:\/\/fabregaspere.com\/blog2\/wp-json\/wp\/v2\/tags?post=5778"}],"curies":[{"name":"wp","href":"https:\/\/api.w.org\/{rel}","templated":true}]}}