{"id":5936,"date":"2015-04-23T00:00:50","date_gmt":"2015-04-22T22:00:50","guid":{"rendered":"http:\/\/fabregaspere.com\/blog2\/?p=5936"},"modified":"2024-08-06T18:52:51","modified_gmt":"2024-08-06T16:52:51","slug":"entrevista-premsa-amb-fabregas-dautor-gas-natural-fa-per-primer-cop-la-seva-historia","status":"publish","type":"post","link":"https:\/\/fabregaspere.com\/blog2\/2015\/04\/23\/entrevista-premsa-amb-fabregas-dautor-gas-natural-fa-per-primer-cop-la-seva-historia\/","title":{"rendered":"[ENTREVISTA PREMSA] Amb F\u00e0bregas d&#8217;autor, Gas Natural fa per primer cop la seva hist\u00f2ria [Diari de Sabadell][2015.04.23]"},"content":{"rendered":"<p><span style=\"text-decoration: underline;\"><span style=\"font-family: verdana, geneva, sans-serif; font-size: 14px;\"><strong><a href=\"https:\/\/fabregaspere.com\/blog2\/wp-content\/uploads\/2015\/04\/2015.04.23.Diari-de-Sabadell.Amb-Fabregas-dautor-scaled.jpg\"><img loading=\"lazy\" decoding=\"async\" class=\"aligncenter wp-image-13817 size-full\" src=\"https:\/\/fabregaspere.com\/blog2\/wp-content\/uploads\/2015\/04\/2015.04.23.Diari-de-Sabadell.Amb-Fabregas-dautor-scaled.jpg\" alt=\"\" width=\"2560\" height=\"1722\" srcset=\"https:\/\/fabregaspere.com\/blog2\/wp-content\/uploads\/2015\/04\/2015.04.23.Diari-de-Sabadell.Amb-Fabregas-dautor-scaled.jpg 2560w, https:\/\/fabregaspere.com\/blog2\/wp-content\/uploads\/2015\/04\/2015.04.23.Diari-de-Sabadell.Amb-Fabregas-dautor-300x202.jpg 300w, https:\/\/fabregaspere.com\/blog2\/wp-content\/uploads\/2015\/04\/2015.04.23.Diari-de-Sabadell.Amb-Fabregas-dautor-1024x689.jpg 1024w, https:\/\/fabregaspere.com\/blog2\/wp-content\/uploads\/2015\/04\/2015.04.23.Diari-de-Sabadell.Amb-Fabregas-dautor-150x101.jpg 150w, https:\/\/fabregaspere.com\/blog2\/wp-content\/uploads\/2015\/04\/2015.04.23.Diari-de-Sabadell.Amb-Fabregas-dautor-768x517.jpg 768w, https:\/\/fabregaspere.com\/blog2\/wp-content\/uploads\/2015\/04\/2015.04.23.Diari-de-Sabadell.Amb-Fabregas-dautor-1536x1033.jpg 1536w, https:\/\/fabregaspere.com\/blog2\/wp-content\/uploads\/2015\/04\/2015.04.23.Diari-de-Sabadell.Amb-Fabregas-dautor-2048x1377.jpg 2048w\" sizes=\"auto, (max-width: 2560px) 100vw, 2560px\" \/><\/a>Hist\u00f2ria gas [2015.04.23]<\/strong><\/span><\/span><\/p>\n<p><span style=\"font-family: verdana, geneva, sans-serif; font-size: 14px;\"><strong>Entrevista amb Pere-A. F\u00e0bregas (2015): <em>Amb F\u00e0bregas d&#8217;autor, Gas Natural fa per primer cop la seva hist\u00f2ria<\/em><\/strong><\/span><\/p>\n<p><span style=\"font-family: verdana, geneva, sans-serif; font-size: 14px;\"><strong>Diari de Sabadell (23 abril 2015), 1 p. Sabadell<\/strong><\/span><\/p>\n<p><span style=\"font-family: verdana, geneva, sans-serif; font-size: 14px;\"><strong><a href=\"https:\/\/fabregaspere.com\/blog2\/wp-content\/uploads\/2015\/04\/2015.04.23.Diari-de-Sabadell.Amb-Fabregas-dautor.pdf\" target=\"_blank\" rel=\"noopener\">Descarregar PDF<\/a><\/strong><\/span><\/p>\n","protected":false},"excerpt":{"rendered":"<p>Hist\u00f2ria gas [2015.04.23] Entrevista amb Pere-A. F\u00e0bregas (2015): Amb F\u00e0bregas d&#8217;autor, Gas Natural fa per primer cop la seva hist\u00f2ria Diari de Sabadell (23 abril 2015), 1 p. Sabadell Descarregar PDF<\/p>\n","protected":false},"author":3,"featured_media":0,"comment_status":"closed","ping_status":"open","sticky":false,"template":"","format":"aside","meta":{"footnotes":""},"categories":[17,33,138],"tags":[48],"class_list":["post-5936","post","type-post","status-publish","format-aside","hentry","category-14-entrevista-prensa","category-09-historia-gas","category-01-catalan","tag-sabadell","post_format-post-format-aside"],"rttpg_featured_image_url":null,"rttpg_author":{"display_name":"Pere-A. F\u00e0bregas","author_link":"https:\/\/fabregaspere.com\/blog2\/author\/fabregaspere2\/"},"rttpg_comment":0,"rttpg_category":"<a href=\"https:\/\/fabregaspere.com\/blog2\/category\/tipos\/14-entrevista-prensa\/\" rel=\"category tag\">a14. Entrevista prensa<\/a> <a href=\"https:\/\/fabregaspere.com\/blog2\/category\/temas\/09-historia-gas\/\" rel=\"category tag\">b09. Historia Gas<\/a> <a href=\"https:\/\/fabregaspere.com\/blog2\/category\/idiomas\/01-catalan\/\" rel=\"category tag\">c01. Catal\u00e1n<\/a>","rttpg_excerpt":"Hist\u00f2ria gas [2015.04.23] Entrevista amb Pere-A. F\u00e0bregas (2015): Amb F\u00e0bregas d&#8217;autor, Gas Natural fa per primer cop la seva hist\u00f2ria Diari de Sabadell (23 abril 2015), 1 p. Sabadell Descarregar PDF","_links":{"self":[{"href":"https:\/\/fabregaspere.com\/blog2\/wp-json\/wp\/v2\/posts\/5936","targetHints":{"allow":["GET"]}}],"collection":[{"href":"https:\/\/fabregaspere.com\/blog2\/wp-json\/wp\/v2\/posts"}],"about":[{"href":"https:\/\/fabregaspere.com\/blog2\/wp-json\/wp\/v2\/types\/post"}],"author":[{"embeddable":true,"href":"https:\/\/fabregaspere.com\/blog2\/wp-json\/wp\/v2\/users\/3"}],"replies":[{"embeddable":true,"href":"https:\/\/fabregaspere.com\/blog2\/wp-json\/wp\/v2\/comments?post=5936"}],"version-history":[{"count":5,"href":"https:\/\/fabregaspere.com\/blog2\/wp-json\/wp\/v2\/posts\/5936\/revisions"}],"predecessor-version":[{"id":13819,"href":"https:\/\/fabregaspere.com\/blog2\/wp-json\/wp\/v2\/posts\/5936\/revisions\/13819"}],"wp:attachment":[{"href":"https:\/\/fabregaspere.com\/blog2\/wp-json\/wp\/v2\/media?parent=5936"}],"wp:term":[{"taxonomy":"category","embeddable":true,"href":"https:\/\/fabregaspere.com\/blog2\/wp-json\/wp\/v2\/categories?post=5936"},{"taxonomy":"post_tag","embeddable":true,"href":"https:\/\/fabregaspere.com\/blog2\/wp-json\/wp\/v2\/tags?post=5936"}],"curies":[{"name":"wp","href":"https:\/\/api.w.org\/{rel}","templated":true}]}}