{"id":5952,"date":"2015-01-15T00:00:17","date_gmt":"2015-01-14T23:00:17","guid":{"rendered":"http:\/\/fabregaspere.com\/blog2\/?p=5952"},"modified":"2024-08-14T09:08:31","modified_gmt":"2024-08-14T07:08:31","slug":"entrevista-radio-les-fundacions-a-catalunya","status":"publish","type":"post","link":"https:\/\/fabregaspere.com\/blog2\/2015\/01\/15\/entrevista-radio-les-fundacions-a-catalunya\/","title":{"rendered":"[ENTREVISTA R\u00c0DIO] Les fundacions a Catalunya [R\u00e0dio Estel][2015.01.15]"},"content":{"rendered":"<p><span style=\"text-decoration: underline;\"><span style=\"font-family: verdana, geneva, sans-serif; font-size: 14px;\"><strong><img loading=\"lazy\" decoding=\"async\" class=\"alignnone size-full wp-image-5953\" src=\"https:\/\/fabregaspere.com\/blog2\/wp-content\/uploads\/2016\/04\/2015.01.15.Radio-Estel.Plusvalua.jpg\" alt=\"\" width=\"4128\" height=\"2322\" srcset=\"https:\/\/fabregaspere.com\/blog2\/wp-content\/uploads\/2016\/04\/2015.01.15.Radio-Estel.Plusvalua.jpg 4128w, https:\/\/fabregaspere.com\/blog2\/wp-content\/uploads\/2016\/04\/2015.01.15.Radio-Estel.Plusvalua-150x84.jpg 150w, https:\/\/fabregaspere.com\/blog2\/wp-content\/uploads\/2016\/04\/2015.01.15.Radio-Estel.Plusvalua-300x169.jpg 300w, https:\/\/fabregaspere.com\/blog2\/wp-content\/uploads\/2016\/04\/2015.01.15.Radio-Estel.Plusvalua-768x432.jpg 768w, https:\/\/fabregaspere.com\/blog2\/wp-content\/uploads\/2016\/04\/2015.01.15.Radio-Estel.Plusvalua-1024x576.jpg 1024w\" sizes=\"auto, (max-width: 4128px) 100vw, 4128px\" \/><a href=\"https:\/\/fabregaspere.com\/blog2\/wp-content\/uploads\/2012\/02\/LOGO-Radio-Estel.Barcelona-scaled.jpg\"><img loading=\"lazy\" decoding=\"async\" class=\"aligncenter wp-image-14226 size-full\" src=\"https:\/\/fabregaspere.com\/blog2\/wp-content\/uploads\/2012\/02\/LOGO-Radio-Estel.Barcelona-scaled.jpg\" alt=\"\" width=\"2560\" height=\"887\" srcset=\"https:\/\/fabregaspere.com\/blog2\/wp-content\/uploads\/2012\/02\/LOGO-Radio-Estel.Barcelona-scaled.jpg 2560w, https:\/\/fabregaspere.com\/blog2\/wp-content\/uploads\/2012\/02\/LOGO-Radio-Estel.Barcelona-300x104.jpg 300w, https:\/\/fabregaspere.com\/blog2\/wp-content\/uploads\/2012\/02\/LOGO-Radio-Estel.Barcelona-1024x355.jpg 1024w, https:\/\/fabregaspere.com\/blog2\/wp-content\/uploads\/2012\/02\/LOGO-Radio-Estel.Barcelona-150x52.jpg 150w, https:\/\/fabregaspere.com\/blog2\/wp-content\/uploads\/2012\/02\/LOGO-Radio-Estel.Barcelona-768x266.jpg 768w, https:\/\/fabregaspere.com\/blog2\/wp-content\/uploads\/2012\/02\/LOGO-Radio-Estel.Barcelona-1536x532.jpg 1536w, https:\/\/fabregaspere.com\/blog2\/wp-content\/uploads\/2012\/02\/LOGO-Radio-Estel.Barcelona-2048x710.jpg 2048w\" sizes=\"auto, (max-width: 2560px) 100vw, 2560px\" \/><\/a><\/strong><\/span><\/span><span style=\"text-decoration: underline;\"><span style=\"font-family: verdana, geneva, sans-serif; font-size: 14px;\"><strong>Fundacions [2015.01.15]<\/strong><\/span><\/span><\/p>\n<p><span style=\"font-family: verdana, geneva, sans-serif; font-size: 14px;\"><strong>Entrevista amb Pere-A. F\u00e0bregas (2015): <em>Les fundacions a Catalunya<\/em><\/strong><\/span><\/p>\n<p><span style=\"font-family: verdana, geneva, sans-serif; font-size: 14px;\"><strong>Programa: Plusv\u00e0lua<\/strong><\/span><br \/>\n<span style=\"font-family: verdana, geneva, sans-serif; font-size: 14px;\"><strong>Periodista: Carla Gracia Mercad\u00e9<\/strong><\/span><br \/>\n<span style=\"font-family: verdana, geneva, sans-serif; font-size: 14px;\"><strong>Emissi\u00f3: Directe a l&#8217;estudi<\/strong><\/span><\/p>\n<!--[if lt IE 9]><script>document.createElement('audio');<\/script><![endif]-->\n<audio class=\"wp-audio-shortcode\" id=\"audio-5952-1\" preload=\"none\" style=\"width: 100%;\" controls=\"controls\"><source type=\"audio\/mpeg\" src=\"https:\/\/fabregaspere.com\/blog2\/wp-content\/uploads\/2024\/08\/2015.01.15.Radio-Estel.Plusvalua.red_.mp3?_=1\" \/><a href=\"https:\/\/fabregaspere.com\/blog2\/wp-content\/uploads\/2024\/08\/2015.01.15.Radio-Estel.Plusvalua.red_.mp3\">https:\/\/fabregaspere.com\/blog2\/wp-content\/uploads\/2024\/08\/2015.01.15.Radio-Estel.Plusvalua.red_.mp3<\/a><\/audio>\n","protected":false},"excerpt":{"rendered":"<p>Fundacions [2015.01.15] Entrevista amb Pere-A. F\u00e0bregas (2015): Les fundacions a Catalunya Programa: Plusv\u00e0lua Periodista: Carla Gracia Mercad\u00e9 Emissi\u00f3: Directe a l&#8217;estudi<\/p>\n","protected":false},"author":3,"featured_media":0,"comment_status":"closed","ping_status":"open","sticky":false,"template":"","format":"aside","meta":{"footnotes":""},"categories":[18,34,138],"tags":[50],"class_list":["post-5952","post","type-post","status-publish","format-aside","hentry","category-15-entrevista-audio","category-05-fundaciones","category-01-catalan","tag-barcelona","post_format-post-format-aside"],"rttpg_featured_image_url":null,"rttpg_author":{"display_name":"Pere-A. F\u00e0bregas","author_link":"https:\/\/fabregaspere.com\/blog2\/author\/fabregaspere2\/"},"rttpg_comment":0,"rttpg_category":"<a href=\"https:\/\/fabregaspere.com\/blog2\/category\/tipos\/15-entrevista-audio\/\" rel=\"category tag\">a15. Entrevista radio<\/a> <a href=\"https:\/\/fabregaspere.com\/blog2\/category\/temas\/05-fundaciones\/\" rel=\"category tag\">b05. Fundaciones<\/a> <a href=\"https:\/\/fabregaspere.com\/blog2\/category\/idiomas\/01-catalan\/\" rel=\"category tag\">c01. Catal\u00e1n<\/a>","rttpg_excerpt":"Fundacions [2015.01.15] Entrevista amb Pere-A. F\u00e0bregas (2015): Les fundacions a Catalunya Programa: Plusv\u00e0lua Periodista: Carla Gracia Mercad\u00e9 Emissi\u00f3: Directe a l&#8217;estudi","_links":{"self":[{"href":"https:\/\/fabregaspere.com\/blog2\/wp-json\/wp\/v2\/posts\/5952","targetHints":{"allow":["GET"]}}],"collection":[{"href":"https:\/\/fabregaspere.com\/blog2\/wp-json\/wp\/v2\/posts"}],"about":[{"href":"https:\/\/fabregaspere.com\/blog2\/wp-json\/wp\/v2\/types\/post"}],"author":[{"embeddable":true,"href":"https:\/\/fabregaspere.com\/blog2\/wp-json\/wp\/v2\/users\/3"}],"replies":[{"embeddable":true,"href":"https:\/\/fabregaspere.com\/blog2\/wp-json\/wp\/v2\/comments?post=5952"}],"version-history":[{"count":8,"href":"https:\/\/fabregaspere.com\/blog2\/wp-json\/wp\/v2\/posts\/5952\/revisions"}],"predecessor-version":[{"id":14310,"href":"https:\/\/fabregaspere.com\/blog2\/wp-json\/wp\/v2\/posts\/5952\/revisions\/14310"}],"wp:attachment":[{"href":"https:\/\/fabregaspere.com\/blog2\/wp-json\/wp\/v2\/media?parent=5952"}],"wp:term":[{"taxonomy":"category","embeddable":true,"href":"https:\/\/fabregaspere.com\/blog2\/wp-json\/wp\/v2\/categories?post=5952"},{"taxonomy":"post_tag","embeddable":true,"href":"https:\/\/fabregaspere.com\/blog2\/wp-json\/wp\/v2\/tags?post=5952"}],"curies":[{"name":"wp","href":"https:\/\/api.w.org\/{rel}","templated":true}]}}