{"id":5967,"date":"2016-01-27T00:00:31","date_gmt":"2016-01-26T23:00:31","guid":{"rendered":"http:\/\/fabregaspere.com\/blog2\/?p=5967"},"modified":"2024-08-12T13:57:23","modified_gmt":"2024-08-12T11:57:23","slug":"entrevista-radio-pere-fabregas-president-de-la-coordinadora-catalana-de-fundacions","status":"publish","type":"post","link":"https:\/\/fabregaspere.com\/blog2\/2016\/01\/27\/entrevista-radio-pere-fabregas-president-de-la-coordinadora-catalana-de-fundacions\/","title":{"rendered":"[ENTREVISTA R\u00c0DIO] Pere F\u00e0bregas, president de la Coordinadora Catalana de Fundacions [R\u00e0dio Tordera][2016.01.27]"},"content":{"rendered":"<p><span style=\"text-decoration: underline;\"><span style=\"font-family: verdana, geneva, sans-serif; font-size: 14px;\"><strong><a href=\"https:\/\/fabregaspere.com\/blog2\/wp-content\/uploads\/2016\/01\/Logo_radiotordera.png\"><img loading=\"lazy\" decoding=\"async\" class=\"aligncenter wp-image-14250 size-full\" src=\"https:\/\/fabregaspere.com\/blog2\/wp-content\/uploads\/2016\/01\/Logo_radiotordera.png\" alt=\"\" width=\"612\" height=\"193\" srcset=\"https:\/\/fabregaspere.com\/blog2\/wp-content\/uploads\/2016\/01\/Logo_radiotordera.png 612w, https:\/\/fabregaspere.com\/blog2\/wp-content\/uploads\/2016\/01\/Logo_radiotordera-300x95.png 300w, https:\/\/fabregaspere.com\/blog2\/wp-content\/uploads\/2016\/01\/Logo_radiotordera-150x47.png 150w\" sizes=\"auto, (max-width: 612px) 100vw, 612px\" \/><\/a><\/strong><\/span><\/span><\/p>\n<p><span style=\"text-decoration: underline;\"><span style=\"font-family: verdana, geneva, sans-serif; font-size: 14px;\"><strong>Fundacions [2016.01.27]<\/strong><\/span><\/span><\/p>\n<p><span style=\"font-family: verdana, geneva, sans-serif; font-size: 14px;\"><strong>Entrevista amb Pere-A. F\u00e0bregas (2016): <em>Pere F\u00e0bregas, president de la Coordinadora Catalana de Fundacions<\/em><\/strong><\/span><\/p>\n<p><span style=\"font-family: verdana, geneva, sans-serif; font-size: 14px;\"><strong>R\u00e0dio Tordera (27 ge ner 2016)Tordera<\/strong><\/span><br \/>\n<span style=\"font-family: verdana, geneva, sans-serif; font-size: 14px;\"><strong>Program: El Rac\u00f3 de les ONG<\/strong><\/span><br \/>\n<span style=\"font-family: verdana, geneva, sans-serif; font-size: 14px;\"><strong>Periodista: Antoni L\u00f3pez<\/strong><\/span><br \/>\n<span style=\"font-family: verdana, geneva, sans-serif; font-size: 14px;\"><strong>Emissi\u00f3: entrevista per tel\u00e8fon<\/strong><\/span><\/p>\n<!--[if lt IE 9]><script>document.createElement('audio');<\/script><![endif]-->\n<audio class=\"wp-audio-shortcode\" id=\"audio-5967-1\" preload=\"none\" style=\"width: 100%;\" controls=\"controls\"><source type=\"audio\/mpeg\" src=\"https:\/\/fabregaspere.com\/blog2\/wp-content\/uploads\/2024\/08\/2016.01.27.Radio-Tordera.Entr_.PF_.mp3?_=1\" \/><a href=\"https:\/\/fabregaspere.com\/blog2\/wp-content\/uploads\/2024\/08\/2016.01.27.Radio-Tordera.Entr_.PF_.mp3\">https:\/\/fabregaspere.com\/blog2\/wp-content\/uploads\/2024\/08\/2016.01.27.Radio-Tordera.Entr_.PF_.mp3<\/a><\/audio>\n","protected":false},"excerpt":{"rendered":"<p>Fundacions [2016.01.27] Entrevista amb Pere-A. F\u00e0bregas (2016): Pere F\u00e0bregas, president de la Coordinadora Catalana de Fundacions R\u00e0dio Tordera (27 ge ner 2016)Tordera Program: El Rac\u00f3 de les ONG Periodista: Antoni L\u00f3pez Emissi\u00f3: entrevista per tel\u00e8fon<\/p>\n","protected":false},"author":3,"featured_media":0,"comment_status":"closed","ping_status":"open","sticky":false,"template":"","format":"aside","meta":{"footnotes":""},"categories":[18,34,138],"tags":[136],"class_list":["post-5967","post","type-post","status-publish","format-aside","hentry","category-15-entrevista-audio","category-05-fundaciones","category-01-catalan","tag-tordera","post_format-post-format-aside"],"rttpg_featured_image_url":null,"rttpg_author":{"display_name":"Pere-A. F\u00e0bregas","author_link":"https:\/\/fabregaspere.com\/blog2\/author\/fabregaspere2\/"},"rttpg_comment":0,"rttpg_category":"<a href=\"https:\/\/fabregaspere.com\/blog2\/category\/tipos\/15-entrevista-audio\/\" rel=\"category tag\">a15. Entrevista radio<\/a> <a href=\"https:\/\/fabregaspere.com\/blog2\/category\/temas\/05-fundaciones\/\" rel=\"category tag\">b05. Fundaciones<\/a> <a href=\"https:\/\/fabregaspere.com\/blog2\/category\/idiomas\/01-catalan\/\" rel=\"category tag\">c01. Catal\u00e1n<\/a>","rttpg_excerpt":"Fundacions [2016.01.27] Entrevista amb Pere-A. F\u00e0bregas (2016): Pere F\u00e0bregas, president de la Coordinadora Catalana de Fundacions R\u00e0dio Tordera (27 ge ner 2016)Tordera Program: El Rac\u00f3 de les ONG Periodista: Antoni L\u00f3pez Emissi\u00f3: entrevista per tel\u00e8fon","_links":{"self":[{"href":"https:\/\/fabregaspere.com\/blog2\/wp-json\/wp\/v2\/posts\/5967","targetHints":{"allow":["GET"]}}],"collection":[{"href":"https:\/\/fabregaspere.com\/blog2\/wp-json\/wp\/v2\/posts"}],"about":[{"href":"https:\/\/fabregaspere.com\/blog2\/wp-json\/wp\/v2\/types\/post"}],"author":[{"embeddable":true,"href":"https:\/\/fabregaspere.com\/blog2\/wp-json\/wp\/v2\/users\/3"}],"replies":[{"embeddable":true,"href":"https:\/\/fabregaspere.com\/blog2\/wp-json\/wp\/v2\/comments?post=5967"}],"version-history":[{"count":7,"href":"https:\/\/fabregaspere.com\/blog2\/wp-json\/wp\/v2\/posts\/5967\/revisions"}],"predecessor-version":[{"id":14251,"href":"https:\/\/fabregaspere.com\/blog2\/wp-json\/wp\/v2\/posts\/5967\/revisions\/14251"}],"wp:attachment":[{"href":"https:\/\/fabregaspere.com\/blog2\/wp-json\/wp\/v2\/media?parent=5967"}],"wp:term":[{"taxonomy":"category","embeddable":true,"href":"https:\/\/fabregaspere.com\/blog2\/wp-json\/wp\/v2\/categories?post=5967"},{"taxonomy":"post_tag","embeddable":true,"href":"https:\/\/fabregaspere.com\/blog2\/wp-json\/wp\/v2\/tags?post=5967"}],"curies":[{"name":"wp","href":"https:\/\/api.w.org\/{rel}","templated":true}]}}