{"id":6000,"date":"2015-01-21T00:00:22","date_gmt":"2015-01-20T23:00:22","guid":{"rendered":"http:\/\/fabregaspere.com\/blog2\/?p=6000"},"modified":"2025-12-12T17:57:51","modified_gmt":"2025-12-12T16:57:51","slug":"ponencia-amb-motiu-de-ledicio-del-llibre-pere-duran-farell-de-pere-a-fabregas","status":"publish","type":"post","link":"https:\/\/fabregaspere.com\/blog2\/2015\/01\/21\/ponencia-amb-motiu-de-ledicio-del-llibre-pere-duran-farell-de-pere-a-fabregas\/","title":{"rendered":"[PON\u00c8NCIA] Amb motiu de l&#8217;edici\u00f3 del llibre \u00abPere Duran Farell\u00bb de Pere-A. F\u00e0bregas [2015.01.21]"},"content":{"rendered":"<p>&nbsp;<\/p>\n<div style=\"width: 320px;\" class=\"wp-video\"><!--[if lt IE 9]><script>document.createElement('video');<\/script><![endif]-->\n<video class=\"wp-video-shortcode\" id=\"video-6000-1\" width=\"320\" height=\"240\" preload=\"metadata\" controls=\"controls\"><source type=\"video\/mp4\" src=\"https:\/\/fabregaspere.com\/blog2\/wp-content\/uploads\/2024\/08\/2015.01.21.-Cercle-dEconomia.-Ponencia-Pere-A.-Fabregas-Pre.mp4?_=1\" \/><a href=\"https:\/\/fabregaspere.com\/blog2\/wp-content\/uploads\/2024\/08\/2015.01.21.-Cercle-dEconomia.-Ponencia-Pere-A.-Fabregas-Pre.mp4\">https:\/\/fabregaspere.com\/blog2\/wp-content\/uploads\/2024\/08\/2015.01.21.-Cercle-dEconomia.-Ponencia-Pere-A.-Fabregas-Pre.mp4<\/a><\/video><\/div>\n<p><span style=\"text-decoration: underline;\"><strong><span style=\"font-family: verdana, geneva, sans-serif; font-size: 14px;\">Hist\u00f2ria Pere Duran Farell [2015.01.21]<\/span><\/strong><\/span><\/p>\n<p><strong><span style=\"font-family: verdana, geneva, sans-serif; font-size: 14px;\">F\u00c0BREGAS, Pere-A. (2015): <em>Amb motiu de l&#8217;edici\u00f3 del llibre \u00abPere Duran Farell\u00bb de Pere-A. F\u00e0bregas<\/em><\/span><\/strong><\/p>\n<p><strong><span style=\"font-family: verdana, geneva, sans-serif; font-size: 14px;\">Acte en record i homenatge a Pere Duran<\/span><\/strong><\/p>\n<p><strong><span style=\"font-family: verdana, geneva, sans-serif; font-size: 14px;\">Cercle d&#8217;Economia, Barcelona<\/span><\/strong><\/p>\n<p><a href=\"https:\/\/fabregaspere.com\/blog2\/wp-content\/uploads\/2016\/04\/2015.01.21.Cercle-dEconomia.Homenatge-a-Pere-Duran.ofic_.jpg\"><img loading=\"lazy\" decoding=\"async\" class=\"alignnone wp-image-6001 size-full\" src=\"https:\/\/fabregaspere.com\/blog2\/wp-content\/uploads\/2016\/04\/2015.01.21.Cercle-dEconomia.Homenatge-a-Pere-Duran.ofic_.jpg\" alt=\"\" width=\"854\" height=\"356\" srcset=\"https:\/\/fabregaspere.com\/blog2\/wp-content\/uploads\/2016\/04\/2015.01.21.Cercle-dEconomia.Homenatge-a-Pere-Duran.ofic_.jpg 854w, https:\/\/fabregaspere.com\/blog2\/wp-content\/uploads\/2016\/04\/2015.01.21.Cercle-dEconomia.Homenatge-a-Pere-Duran.ofic_-150x63.jpg 150w, https:\/\/fabregaspere.com\/blog2\/wp-content\/uploads\/2016\/04\/2015.01.21.Cercle-dEconomia.Homenatge-a-Pere-Duran.ofic_-300x125.jpg 300w, https:\/\/fabregaspere.com\/blog2\/wp-content\/uploads\/2016\/04\/2015.01.21.Cercle-dEconomia.Homenatge-a-Pere-Duran.ofic_-768x320.jpg 768w\" sizes=\"auto, (max-width: 854px) 100vw, 854px\" \/><\/a><\/p>\n<p><span style=\"font-family: verdana, geneva, sans-serif; font-size: 14px;\"><strong><a href=\"https:\/\/fabregaspere.com\/blog2\/wp-content\/uploads\/2016\/04\/2015.01.21.Cercle-dEconomia.Homenatge-a-Pere-Duran.rec_.pdf\" target=\"_blank\" rel=\"noopener\">Descarregar PDF<\/a><\/strong><\/span><\/p>\n","protected":false},"excerpt":{"rendered":"<p>&nbsp; Hist\u00f2ria Pere Duran Farell [2015.01.21] F\u00c0BREGAS, Pere-A. (2015): Amb motiu de l&#8217;edici\u00f3 del llibre \u00abPere Duran Farell\u00bb de Pere-A. F\u00e0bregas Acte en record i homenatge a Pere Duran Cercle d&#8217;Economia, Barcelona Descarregar PDF<\/p>\n","protected":false},"author":3,"featured_media":0,"comment_status":"closed","ping_status":"open","sticky":false,"template":"","format":"aside","meta":{"footnotes":""},"categories":[20,121,138],"tags":[50],"class_list":["post-6000","post","type-post","status-publish","format-aside","hentry","category-17-ponencia","category-24-historia-pere-duran-farell","category-01-catalan","tag-barcelona","post_format-post-format-aside"],"rttpg_featured_image_url":null,"rttpg_author":{"display_name":"Pere-A. F\u00e0bregas","author_link":"https:\/\/fabregaspere.com\/blog2\/author\/fabregaspere2\/"},"rttpg_comment":0,"rttpg_category":"<a href=\"https:\/\/fabregaspere.com\/blog2\/category\/tipos\/17-ponencia\/\" rel=\"category tag\">a17. Ponencia<\/a> <a href=\"https:\/\/fabregaspere.com\/blog2\/category\/temas\/24-historia-pere-duran-farell\/\" rel=\"category tag\">b24. Historia Pere Duran Farell<\/a> <a href=\"https:\/\/fabregaspere.com\/blog2\/category\/idiomas\/01-catalan\/\" rel=\"category tag\">c01. Catal\u00e1n<\/a>","rttpg_excerpt":"&nbsp; Hist\u00f2ria Pere Duran Farell [2015.01.21] F\u00c0BREGAS, Pere-A. (2015): Amb motiu de l&#8217;edici\u00f3 del llibre \u00abPere Duran Farell\u00bb de Pere-A. F\u00e0bregas Acte en record i homenatge a Pere Duran Cercle d&#8217;Economia, Barcelona Descarregar PDF","_links":{"self":[{"href":"https:\/\/fabregaspere.com\/blog2\/wp-json\/wp\/v2\/posts\/6000","targetHints":{"allow":["GET"]}}],"collection":[{"href":"https:\/\/fabregaspere.com\/blog2\/wp-json\/wp\/v2\/posts"}],"about":[{"href":"https:\/\/fabregaspere.com\/blog2\/wp-json\/wp\/v2\/types\/post"}],"author":[{"embeddable":true,"href":"https:\/\/fabregaspere.com\/blog2\/wp-json\/wp\/v2\/users\/3"}],"replies":[{"embeddable":true,"href":"https:\/\/fabregaspere.com\/blog2\/wp-json\/wp\/v2\/comments?post=6000"}],"version-history":[{"count":15,"href":"https:\/\/fabregaspere.com\/blog2\/wp-json\/wp\/v2\/posts\/6000\/revisions"}],"predecessor-version":[{"id":17522,"href":"https:\/\/fabregaspere.com\/blog2\/wp-json\/wp\/v2\/posts\/6000\/revisions\/17522"}],"wp:attachment":[{"href":"https:\/\/fabregaspere.com\/blog2\/wp-json\/wp\/v2\/media?parent=6000"}],"wp:term":[{"taxonomy":"category","embeddable":true,"href":"https:\/\/fabregaspere.com\/blog2\/wp-json\/wp\/v2\/categories?post=6000"},{"taxonomy":"post_tag","embeddable":true,"href":"https:\/\/fabregaspere.com\/blog2\/wp-json\/wp\/v2\/tags?post=6000"}],"curies":[{"name":"wp","href":"https:\/\/api.w.org\/{rel}","templated":true}]}}