{"id":604,"date":"1978-12-20T19:55:41","date_gmt":"1978-12-20T18:55:41","guid":{"rendered":"http:\/\/fabregaspere.com\/blog2\/?p=604"},"modified":"2025-09-10T17:40:38","modified_gmt":"2025-09-10T15:40:38","slug":"publicaciones-el-plan-energetico-nacional-comentarios-al-mismo-y-la-incidencia-del-gas","status":"publish","type":"post","link":"https:\/\/fabregaspere.com\/blog2\/1978\/12\/20\/publicaciones-el-plan-energetico-nacional-comentarios-al-mismo-y-la-incidencia-del-gas\/","title":{"rendered":"[PONENCIA] El Plan Energ\u00e9tico Nacional. Comentarios al mismo y la incidencia del gas [1978.12.20]"},"content":{"rendered":"<p><span style=\"font-family: verdana, geneva, sans-serif; font-size: 14px;\"><strong><span style=\"text-decoration: underline;\">Sector Gas [1978.12.20]<\/span><\/strong><strong><span style=\"text-decoration: underline;\"><a href=\"https:\/\/fabregaspere.com\/blog2\/wp-content\/uploads\/2014\/09\/1978.12.20.PEN-comentarios-al-mismo-e-incidencia-gas.jpg\"><img loading=\"lazy\" decoding=\"async\" class=\"alignleft\" src=\"https:\/\/fabregaspere.com\/blog2\/wp-content\/uploads\/2014\/09\/1978.12.20.PEN-comentarios-al-mismo-e-incidencia-gas.jpg\" alt=\"\" width=\"218\" height=\"308\" \/><\/a><\/span><\/strong><\/span><\/p>\n<p><span style=\"font-family: verdana, geneva, sans-serif; font-size: 14px;\"><strong>F\u00c0BREGAS, Pere-A. (1978): <em>El Plan Energ\u00e9tico Nacional. Comentarios al mismo y la incidencia del gas<\/em><\/strong><\/span><\/p>\n<p><span style=\"font-family: verdana, geneva, sans-serif; font-size: 14px;\"><strong>Convenci\u00f3n comercial 1978<\/strong><\/span><\/p>\n<p><span style=\"font-family: verdana, geneva, sans-serif; font-size: 14px;\"><strong>Catalana de Gas y Electricidad, S.A., Barcelona. 23 pp.<\/strong><\/span><\/p>\n<p><a href=\"https:\/\/fabregaspere.com\/blog2\/wp-content\/uploads\/2014\/09\/1978.12.20.PEN-comentarios-al-mismo-e-incidencia-gas.pdf\"><span style=\"font-family: verdana, geneva, sans-serif; font-size: 14px;\"><b>Descargar PDF<\/b><\/span><\/a><\/p>\n","protected":false},"excerpt":{"rendered":"<p>Sector Gas [1978.12.20] F\u00c0BREGAS, Pere-A. (1978): El Plan Energ\u00e9tico Nacional. Comentarios al mismo y la incidencia del gas Convenci\u00f3n comercial 1978 Catalana de Gas y Electricidad, S.A., Barcelona. 23 pp. Descargar PDF<\/p>\n","protected":false},"author":3,"featured_media":0,"comment_status":"closed","ping_status":"open","sticky":false,"template":"","format":"aside","meta":{"footnotes":""},"categories":[20,31,139],"tags":[50],"class_list":["post-604","post","type-post","status-publish","format-aside","hentry","category-17-ponencia","category-02-sector-gas","category-02-espanol","tag-barcelona","post_format-post-format-aside"],"rttpg_featured_image_url":null,"rttpg_author":{"display_name":"Pere-A. F\u00e0bregas","author_link":"https:\/\/fabregaspere.com\/blog2\/author\/fabregaspere2\/"},"rttpg_comment":0,"rttpg_category":"<a href=\"https:\/\/fabregaspere.com\/blog2\/category\/tipos\/17-ponencia\/\" rel=\"category tag\">a17. Ponencia<\/a> <a href=\"https:\/\/fabregaspere.com\/blog2\/category\/temas\/02-sector-gas\/\" rel=\"category tag\">b02. Sector Gas<\/a> <a href=\"https:\/\/fabregaspere.com\/blog2\/category\/idiomas\/02-espanol\/\" rel=\"category tag\">c02. Espa\u00f1ol<\/a>","rttpg_excerpt":"Sector Gas [1978.12.20] F\u00c0BREGAS, Pere-A. (1978): El Plan Energ\u00e9tico Nacional. Comentarios al mismo y la incidencia del gas Convenci\u00f3n comercial 1978 Catalana de Gas y Electricidad, S.A., Barcelona. 23 pp. Descargar PDF","_links":{"self":[{"href":"https:\/\/fabregaspere.com\/blog2\/wp-json\/wp\/v2\/posts\/604","targetHints":{"allow":["GET"]}}],"collection":[{"href":"https:\/\/fabregaspere.com\/blog2\/wp-json\/wp\/v2\/posts"}],"about":[{"href":"https:\/\/fabregaspere.com\/blog2\/wp-json\/wp\/v2\/types\/post"}],"author":[{"embeddable":true,"href":"https:\/\/fabregaspere.com\/blog2\/wp-json\/wp\/v2\/users\/3"}],"replies":[{"embeddable":true,"href":"https:\/\/fabregaspere.com\/blog2\/wp-json\/wp\/v2\/comments?post=604"}],"version-history":[{"count":9,"href":"https:\/\/fabregaspere.com\/blog2\/wp-json\/wp\/v2\/posts\/604\/revisions"}],"predecessor-version":[{"id":16795,"href":"https:\/\/fabregaspere.com\/blog2\/wp-json\/wp\/v2\/posts\/604\/revisions\/16795"}],"wp:attachment":[{"href":"https:\/\/fabregaspere.com\/blog2\/wp-json\/wp\/v2\/media?parent=604"}],"wp:term":[{"taxonomy":"category","embeddable":true,"href":"https:\/\/fabregaspere.com\/blog2\/wp-json\/wp\/v2\/categories?post=604"},{"taxonomy":"post_tag","embeddable":true,"href":"https:\/\/fabregaspere.com\/blog2\/wp-json\/wp\/v2\/tags?post=604"}],"curies":[{"name":"wp","href":"https:\/\/api.w.org\/{rel}","templated":true}]}}