{"id":6073,"date":"2013-01-25T00:00:27","date_gmt":"2013-01-24T23:00:27","guid":{"rendered":"http:\/\/fabregaspere.com\/blog2\/?p=6073"},"modified":"2026-01-16T10:20:45","modified_gmt":"2026-01-16T09:20:45","slug":"ponencia-energia-medi-ambient-i-pensament-no-convencional","status":"publish","type":"post","link":"https:\/\/fabregaspere.com\/blog2\/2013\/01\/25\/ponencia-energia-medi-ambient-i-pensament-no-convencional\/","title":{"rendered":"[PON\u00c8NCIA] Energia, medi ambient i pensament no convencional [2013.01.25]"},"content":{"rendered":"<div style=\"width: 474px;\" class=\"wp-video\"><!--[if lt IE 9]><script>document.createElement('video');<\/script><![endif]-->\n<video class=\"wp-video-shortcode\" id=\"video-6073-1\" width=\"474\" height=\"316\" preload=\"metadata\" controls=\"controls\"><source type=\"video\/mp4\" src=\"https:\/\/fabregaspere.com\/blog2\/wp-content\/uploads\/2024\/08\/2013.01.25.-UB.-Ponencia-Pere-A.-Fabregas-Energia-medi-ambi.mp4?_=1\" \/><a href=\"https:\/\/fabregaspere.com\/blog2\/wp-content\/uploads\/2024\/08\/2013.01.25.-UB.-Ponencia-Pere-A.-Fabregas-Energia-medi-ambi.mp4\">https:\/\/fabregaspere.com\/blog2\/wp-content\/uploads\/2024\/08\/2013.01.25.-UB.-Ponencia-Pere-A.-Fabregas-Energia-medi-ambi.mp4<\/a><\/video><\/div>\n<p><span style=\"text-decoration: underline;\"><span style=\"font-family: verdana, geneva, sans-serif; font-size: 14px;\"><strong>Medi Ambient [2013.01.25]<\/strong><\/span><\/span><\/p>\n<p><span style=\"font-family: verdana, geneva, sans-serif; font-size: 14px;\"><strong>F\u00c0BREGAS, Pere-A. (2013): E<em>nergia, medi ambient i pensament no convencional<\/em><\/strong><\/span><\/p>\n<p><span style=\"font-family: verdana, geneva, sans-serif; font-size: 14px;\"><strong>XIII Trobada de Professorat de Ci\u00e8ncies de la Terra i del Medi Ambient del Batxillerat<\/strong><\/span><\/p>\n<p><span style=\"font-family: verdana, geneva, sans-serif; font-size: 14px;\"><strong>Universitat de Barcelona (Facultat de Geologia i Institut de Ci\u00e8ncies de l&#8217;Educaci\u00f3)<\/strong><\/span><\/p>\n<p><span style=\"font-family: verdana, geneva, sans-serif; font-size: 14px;\"><strong>Cosmocaixa. Barcelona<\/strong><\/span><\/p>\n<p><a href=\"https:\/\/fabregaspere.com\/blog2\/wp-content\/uploads\/2026\/01\/2013.01.15.XIII-Jornades.PF_.pdf\"><strong><span style=\"font-family: verdana, geneva, sans-serif; font-size: 14px;\">Descarregar PDF<\/span><\/strong><\/a><\/p>\n","protected":false},"excerpt":{"rendered":"<p>Medi Ambient [2013.01.25] F\u00c0BREGAS, Pere-A. (2013): Energia, medi ambient i pensament no convencional XIII Trobada de Professorat de Ci\u00e8ncies de la Terra i del Medi Ambient del Batxillerat Universitat de Barcelona (Facultat de Geologia i Institut de Ci\u00e8ncies de l&#8217;Educaci\u00f3) Cosmocaixa. Barcelona Descarregar PDF<\/p>\n","protected":false},"author":3,"featured_media":0,"comment_status":"closed","ping_status":"open","sticky":false,"template":"","format":"aside","meta":{"footnotes":""},"categories":[20,35,138],"tags":[50],"class_list":["post-6073","post","type-post","status-publish","format-aside","hentry","category-17-ponencia","category-04-medio-ambiente","category-01-catalan","tag-barcelona","post_format-post-format-aside"],"rttpg_featured_image_url":null,"rttpg_author":{"display_name":"Pere-A. F\u00e0bregas","author_link":"https:\/\/fabregaspere.com\/blog2\/author\/fabregaspere2\/"},"rttpg_comment":0,"rttpg_category":"<a href=\"https:\/\/fabregaspere.com\/blog2\/category\/tipos\/17-ponencia\/\" rel=\"category tag\">a17. Ponencia<\/a> <a href=\"https:\/\/fabregaspere.com\/blog2\/category\/temas\/04-medio-ambiente\/\" rel=\"category tag\">b04. Medio Ambiente<\/a> <a href=\"https:\/\/fabregaspere.com\/blog2\/category\/idiomas\/01-catalan\/\" rel=\"category tag\">c01. Catal\u00e1n<\/a>","rttpg_excerpt":"Medi Ambient [2013.01.25] F\u00c0BREGAS, Pere-A. (2013): Energia, medi ambient i pensament no convencional XIII Trobada de Professorat de Ci\u00e8ncies de la Terra i del Medi Ambient del Batxillerat Universitat de Barcelona (Facultat de Geologia i Institut de Ci\u00e8ncies de l&#8217;Educaci\u00f3) Cosmocaixa. Barcelona Descarregar PDF","_links":{"self":[{"href":"https:\/\/fabregaspere.com\/blog2\/wp-json\/wp\/v2\/posts\/6073","targetHints":{"allow":["GET"]}}],"collection":[{"href":"https:\/\/fabregaspere.com\/blog2\/wp-json\/wp\/v2\/posts"}],"about":[{"href":"https:\/\/fabregaspere.com\/blog2\/wp-json\/wp\/v2\/types\/post"}],"author":[{"embeddable":true,"href":"https:\/\/fabregaspere.com\/blog2\/wp-json\/wp\/v2\/users\/3"}],"replies":[{"embeddable":true,"href":"https:\/\/fabregaspere.com\/blog2\/wp-json\/wp\/v2\/comments?post=6073"}],"version-history":[{"count":10,"href":"https:\/\/fabregaspere.com\/blog2\/wp-json\/wp\/v2\/posts\/6073\/revisions"}],"predecessor-version":[{"id":17571,"href":"https:\/\/fabregaspere.com\/blog2\/wp-json\/wp\/v2\/posts\/6073\/revisions\/17571"}],"wp:attachment":[{"href":"https:\/\/fabregaspere.com\/blog2\/wp-json\/wp\/v2\/media?parent=6073"}],"wp:term":[{"taxonomy":"category","embeddable":true,"href":"https:\/\/fabregaspere.com\/blog2\/wp-json\/wp\/v2\/categories?post=6073"},{"taxonomy":"post_tag","embeddable":true,"href":"https:\/\/fabregaspere.com\/blog2\/wp-json\/wp\/v2\/tags?post=6073"}],"curies":[{"name":"wp","href":"https:\/\/api.w.org\/{rel}","templated":true}]}}