{"id":630,"date":"1982-05-01T10:37:10","date_gmt":"1982-05-01T08:37:10","guid":{"rendered":"http:\/\/fabregaspere.com\/blog2\/?p=630"},"modified":"2025-09-10T17:43:30","modified_gmt":"2025-09-10T15:43:30","slug":"publicaciones-politica-energetica-de-la-comunidad-economica-europea-2","status":"publish","type":"post","link":"https:\/\/fabregaspere.com\/blog2\/1982\/05\/01\/publicaciones-politica-energetica-de-la-comunidad-economica-europea-2\/","title":{"rendered":"[PONENCIA] Pol\u00edtica Energ\u00e9tica de la Comunidad Econ\u00f3mica Europea [1982.05.01]"},"content":{"rendered":"<p><strong><span style=\"font-family: verdana, geneva, sans-serif; font-size: 14px;\"><span style=\"text-decoration: underline;\"><a href=\"https:\/\/fabregaspere.com\/blog2\/wp-content\/uploads\/2024\/07\/1982.05.01.Politica-Energetica-de-la-CEE.jpg\"><img loading=\"lazy\" decoding=\"async\" class=\"alignleft wp-image-11545 size-medium\" src=\"https:\/\/fabregaspere.com\/blog2\/wp-content\/uploads\/2024\/07\/1982.05.01.Politica-Energetica-de-la-CEE-212x300.jpg\" alt=\"\" width=\"218\" height=\"308\" srcset=\"https:\/\/fabregaspere.com\/blog2\/wp-content\/uploads\/2024\/07\/1982.05.01.Politica-Energetica-de-la-CEE-212x300.jpg 212w, https:\/\/fabregaspere.com\/blog2\/wp-content\/uploads\/2024\/07\/1982.05.01.Politica-Energetica-de-la-CEE-106x150.jpg 106w, https:\/\/fabregaspere.com\/blog2\/wp-content\/uploads\/2024\/07\/1982.05.01.Politica-Energetica-de-la-CEE.jpg 415w\" sizes=\"auto, (max-width: 218px) 100vw, 218px\" \/><\/a>Sector Energ\u00eda [1982.05.01]<\/span><\/span><\/strong><\/p>\n<p><strong><span style=\"font-family: verdana, geneva, sans-serif; font-size: 14px;\">F\u00c0BREGAS, Pere-A. (1982): <em>Pol\u00edtica Energ\u00e9tica de la Comunidad Econ\u00f3mica Europea.<\/em><\/span><\/strong><\/p>\n<p><strong><span style=\"font-family: verdana, geneva, sans-serif; font-size: 14px;\">VIII Asamblea T\u00e9cnica de Gas<\/span><\/strong><\/p>\n<p><strong><span style=\"font-family: verdana, geneva, sans-serif; font-size: 14px;\">SEDIGAS, Zaragoza, 22 pp.<\/span><\/strong><\/p>\n<p><strong><span style=\"font-family: verdana, geneva, sans-serif; font-size: 14px;\"><a href=\"https:\/\/fabregaspere.com\/blog2\/wp-content\/uploads\/2024\/07\/1982.05.01.Politica-Energetica-de-la-CEE.pdf\" target=\"_blank\" rel=\"noopener\">Descargar PDF<\/a><\/span><\/strong><\/p>\n","protected":false},"excerpt":{"rendered":"<p>Sector Energ\u00eda [1982.05.01] F\u00c0BREGAS, Pere-A. (1982): Pol\u00edtica Energ\u00e9tica de la Comunidad Econ\u00f3mica Europea. VIII Asamblea T\u00e9cnica de Gas SEDIGAS, Zaragoza, 22 pp. Descargar PDF<\/p>\n","protected":false},"author":3,"featured_media":0,"comment_status":"closed","ping_status":"open","sticky":false,"template":"","format":"aside","meta":{"footnotes":""},"categories":[20,37,139],"tags":[83],"class_list":["post-630","post","type-post","status-publish","format-aside","hentry","category-17-ponencia","category-01-sector-energia","category-02-espanol","tag-zaragoza","post_format-post-format-aside"],"rttpg_featured_image_url":null,"rttpg_author":{"display_name":"Pere-A. F\u00e0bregas","author_link":"https:\/\/fabregaspere.com\/blog2\/author\/fabregaspere2\/"},"rttpg_comment":0,"rttpg_category":"<a href=\"https:\/\/fabregaspere.com\/blog2\/category\/tipos\/17-ponencia\/\" rel=\"category tag\">a17. Ponencia<\/a> <a href=\"https:\/\/fabregaspere.com\/blog2\/category\/temas\/01-sector-energia\/\" rel=\"category tag\">b01. Sector Energ\u00eda<\/a> <a href=\"https:\/\/fabregaspere.com\/blog2\/category\/idiomas\/02-espanol\/\" rel=\"category tag\">c02. Espa\u00f1ol<\/a>","rttpg_excerpt":"Sector Energ\u00eda [1982.05.01] F\u00c0BREGAS, Pere-A. (1982): Pol\u00edtica Energ\u00e9tica de la Comunidad Econ\u00f3mica Europea. VIII Asamblea T\u00e9cnica de Gas SEDIGAS, Zaragoza, 22 pp. Descargar PDF","_links":{"self":[{"href":"https:\/\/fabregaspere.com\/blog2\/wp-json\/wp\/v2\/posts\/630","targetHints":{"allow":["GET"]}}],"collection":[{"href":"https:\/\/fabregaspere.com\/blog2\/wp-json\/wp\/v2\/posts"}],"about":[{"href":"https:\/\/fabregaspere.com\/blog2\/wp-json\/wp\/v2\/types\/post"}],"author":[{"embeddable":true,"href":"https:\/\/fabregaspere.com\/blog2\/wp-json\/wp\/v2\/users\/3"}],"replies":[{"embeddable":true,"href":"https:\/\/fabregaspere.com\/blog2\/wp-json\/wp\/v2\/comments?post=630"}],"version-history":[{"count":9,"href":"https:\/\/fabregaspere.com\/blog2\/wp-json\/wp\/v2\/posts\/630\/revisions"}],"predecessor-version":[{"id":16797,"href":"https:\/\/fabregaspere.com\/blog2\/wp-json\/wp\/v2\/posts\/630\/revisions\/16797"}],"wp:attachment":[{"href":"https:\/\/fabregaspere.com\/blog2\/wp-json\/wp\/v2\/media?parent=630"}],"wp:term":[{"taxonomy":"category","embeddable":true,"href":"https:\/\/fabregaspere.com\/blog2\/wp-json\/wp\/v2\/categories?post=630"},{"taxonomy":"post_tag","embeddable":true,"href":"https:\/\/fabregaspere.com\/blog2\/wp-json\/wp\/v2\/tags?post=630"}],"curies":[{"name":"wp","href":"https:\/\/api.w.org\/{rel}","templated":true}]}}