{"id":6353,"date":"2016-07-13T19:26:37","date_gmt":"2016-07-13T17:26:37","guid":{"rendered":"http:\/\/fabregaspere.com\/blog2\/?p=6353"},"modified":"2025-12-12T20:35:04","modified_gmt":"2025-12-12T19:35:04","slug":"ponencia-les-fundacions-a-catalunya-filantropia-mecenatge-i-servei-a-la-societat","status":"publish","type":"post","link":"https:\/\/fabregaspere.com\/blog2\/2016\/07\/13\/ponencia-les-fundacions-a-catalunya-filantropia-mecenatge-i-servei-a-la-societat\/","title":{"rendered":"[PON\u00c8NCIA] Les fundacions a Catalunya: filantropia, mecenatge i servei a la societat [2016.07.13]"},"content":{"rendered":"<div style=\"width: 474px;\" class=\"wp-video\"><!--[if lt IE 9]><script>document.createElement('video');<\/script><![endif]-->\n<video class=\"wp-video-shortcode\" id=\"video-6353-1\" width=\"474\" height=\"267\" poster=\"https:\/\/fabregaspere.com\/blog2\/wp-content\/uploads\/2017\/07\/2016.07.13.Reus_.PF_-e1501089528556.jpg\" preload=\"metadata\" controls=\"controls\"><source type=\"video\/mp4\" src=\"https:\/\/fabregaspere.com\/blog2\/wp-content\/uploads\/2024\/08\/2016.07.13.-EL-CIRCOL-de-Reus.-Ponencia-Pere-A.-Fabregas-Les-fundacions-a-Catalunya2.mp4?_=1\" \/><a href=\"https:\/\/fabregaspere.com\/blog2\/wp-content\/uploads\/2024\/08\/2016.07.13.-EL-CIRCOL-de-Reus.-Ponencia-Pere-A.-Fabregas-Les-fundacions-a-Catalunya2.mp4\">https:\/\/fabregaspere.com\/blog2\/wp-content\/uploads\/2024\/08\/2016.07.13.-EL-CIRCOL-de-Reus.-Ponencia-Pere-A.-Fabregas-Les-fundacions-a-Catalunya2.mp4<\/a><\/video><\/div>\n<p><span style=\"text-decoration: underline;\"><span style=\"font-family: verdana, geneva, sans-serif; font-size: 14px;\"><strong>Fundacions [2016.07.13]<\/strong><\/span><\/span><\/p>\n<p><span style=\"font-family: verdana, geneva, sans-serif; font-size: 14px;\"><strong>F\u00c0BREGAS, Pere-A. (2016): <em>Les fundacions a Catalunya: filantropia, mecenatge i servei a la societat<\/em><\/strong><\/span><\/p>\n<p><span style=\"font-family: verdana, geneva, sans-serif; font-size: 14px;\"><strong>El C\u00edrcol amb la co\u0140laboraci\u00f3 de la Fundaci\u00f3 del Teatre Fortuny<\/strong><\/span><\/p>\n<p><span style=\"font-family: verdana, geneva, sans-serif; font-size: 14px;\"><strong>Confer\u00e8ncia-col.loqui<\/strong><\/span><\/p>\n<p><span style=\"font-family: verdana, geneva, sans-serif; font-size: 14px;\"><strong>Sal\u00f3 de Ball\u00a0<\/strong><\/span><strong style=\"font-family: verdana, geneva, sans-serif; font-size: 14px;\">d\u2019El C\u00edrcol. Reus<\/strong><\/p>\n<p><img loading=\"lazy\" decoding=\"async\" class=\"alignnone size-full wp-image-6357\" src=\"https:\/\/fabregaspere.com\/blog2\/wp-content\/uploads\/2017\/07\/2016.07.13.Reus_.Sala_-e1765568004920.jpg\" alt=\"\" width=\"449\" height=\"259\" srcset=\"https:\/\/fabregaspere.com\/blog2\/wp-content\/uploads\/2017\/07\/2016.07.13.Reus_.Sala_-e1765568004920.jpg 449w, https:\/\/fabregaspere.com\/blog2\/wp-content\/uploads\/2017\/07\/2016.07.13.Reus_.Sala_-e1765568004920-150x87.jpg 150w, https:\/\/fabregaspere.com\/blog2\/wp-content\/uploads\/2017\/07\/2016.07.13.Reus_.Sala_-e1765568004920-300x173.jpg 300w\" sizes=\"auto, (max-width: 449px) 100vw, 449px\" \/><\/p>\n<p><a href=\"https:\/\/fabregaspere.com\/blog2\/wp-content\/uploads\/2017\/07\/2016.07.13.Reus_.Fundacions.pdf\"><strong><span style=\"font-family: verdana, geneva, sans-serif; font-size: 14px;\">Descarregar PDF<\/span><\/strong><\/a><\/p>\n","protected":false},"excerpt":{"rendered":"<p>Fundacions [2016.07.13] F\u00c0BREGAS, Pere-A. (2016): Les fundacions a Catalunya: filantropia, mecenatge i servei a la societat El C\u00edrcol amb la co\u0140laboraci\u00f3 de la Fundaci\u00f3 del Teatre Fortuny Confer\u00e8ncia-col.loqui Sal\u00f3 de Ball\u00a0d\u2019El C\u00edrcol. Reus Descarregar PDF<\/p>\n","protected":false},"author":3,"featured_media":0,"comment_status":"closed","ping_status":"open","sticky":false,"template":"","format":"aside","meta":{"footnotes":""},"categories":[20,34,138],"tags":[101],"class_list":["post-6353","post","type-post","status-publish","format-aside","hentry","category-17-ponencia","category-05-fundaciones","category-01-catalan","tag-reus","post_format-post-format-aside"],"rttpg_featured_image_url":null,"rttpg_author":{"display_name":"Pere-A. F\u00e0bregas","author_link":"https:\/\/fabregaspere.com\/blog2\/author\/fabregaspere2\/"},"rttpg_comment":0,"rttpg_category":"<a href=\"https:\/\/fabregaspere.com\/blog2\/category\/tipos\/17-ponencia\/\" rel=\"category tag\">a17. Ponencia<\/a> <a href=\"https:\/\/fabregaspere.com\/blog2\/category\/temas\/05-fundaciones\/\" rel=\"category tag\">b05. Fundaciones<\/a> <a href=\"https:\/\/fabregaspere.com\/blog2\/category\/idiomas\/01-catalan\/\" rel=\"category tag\">c01. Catal\u00e1n<\/a>","rttpg_excerpt":"Fundacions [2016.07.13] F\u00c0BREGAS, Pere-A. (2016): Les fundacions a Catalunya: filantropia, mecenatge i servei a la societat El C\u00edrcol amb la co\u0140laboraci\u00f3 de la Fundaci\u00f3 del Teatre Fortuny Confer\u00e8ncia-col.loqui Sal\u00f3 de Ball\u00a0d\u2019El C\u00edrcol. Reus Descarregar PDF","_links":{"self":[{"href":"https:\/\/fabregaspere.com\/blog2\/wp-json\/wp\/v2\/posts\/6353","targetHints":{"allow":["GET"]}}],"collection":[{"href":"https:\/\/fabregaspere.com\/blog2\/wp-json\/wp\/v2\/posts"}],"about":[{"href":"https:\/\/fabregaspere.com\/blog2\/wp-json\/wp\/v2\/types\/post"}],"author":[{"embeddable":true,"href":"https:\/\/fabregaspere.com\/blog2\/wp-json\/wp\/v2\/users\/3"}],"replies":[{"embeddable":true,"href":"https:\/\/fabregaspere.com\/blog2\/wp-json\/wp\/v2\/comments?post=6353"}],"version-history":[{"count":20,"href":"https:\/\/fabregaspere.com\/blog2\/wp-json\/wp\/v2\/posts\/6353\/revisions"}],"predecessor-version":[{"id":17540,"href":"https:\/\/fabregaspere.com\/blog2\/wp-json\/wp\/v2\/posts\/6353\/revisions\/17540"}],"wp:attachment":[{"href":"https:\/\/fabregaspere.com\/blog2\/wp-json\/wp\/v2\/media?parent=6353"}],"wp:term":[{"taxonomy":"category","embeddable":true,"href":"https:\/\/fabregaspere.com\/blog2\/wp-json\/wp\/v2\/categories?post=6353"},{"taxonomy":"post_tag","embeddable":true,"href":"https:\/\/fabregaspere.com\/blog2\/wp-json\/wp\/v2\/tags?post=6353"}],"curies":[{"name":"wp","href":"https:\/\/api.w.org\/{rel}","templated":true}]}}