{"id":6385,"date":"2016-10-21T16:50:28","date_gmt":"2016-10-21T14:50:28","guid":{"rendered":"http:\/\/fabregaspere.com\/blog2\/?p=6385"},"modified":"2024-08-02T16:56:05","modified_gmt":"2024-08-02T14:56:05","slug":"article-premsa-la-cultura-tambe-es-social-diari-de-tarragona","status":"publish","type":"post","link":"https:\/\/fabregaspere.com\/blog2\/2016\/10\/21\/article-premsa-la-cultura-tambe-es-social-diari-de-tarragona\/","title":{"rendered":"[ARTICLE PREMSA] La cultura tamb\u00e9 \u00e9s social [Diari de Tarragona][2016.10.21]"},"content":{"rendered":"<p><span style=\"text-decoration: underline;\"><span style=\"font-family: verdana, geneva, sans-serif; font-size: 14px;\"><strong><a href=\"https:\/\/fabregaspere.com\/blog2\/wp-content\/uploads\/2017\/07\/2016.10.21.Diari-de-Tarragona.-La-cultura.jpg\"><img loading=\"lazy\" decoding=\"async\" class=\"aligncenter wp-image-6386 size-full\" src=\"https:\/\/fabregaspere.com\/blog2\/wp-content\/uploads\/2017\/07\/2016.10.21.Diari-de-Tarragona.-La-cultura.jpg\" alt=\"\" width=\"453\" height=\"163\" srcset=\"https:\/\/fabregaspere.com\/blog2\/wp-content\/uploads\/2017\/07\/2016.10.21.Diari-de-Tarragona.-La-cultura.jpg 453w, https:\/\/fabregaspere.com\/blog2\/wp-content\/uploads\/2017\/07\/2016.10.21.Diari-de-Tarragona.-La-cultura-150x54.jpg 150w, https:\/\/fabregaspere.com\/blog2\/wp-content\/uploads\/2017\/07\/2016.10.21.Diari-de-Tarragona.-La-cultura-300x108.jpg 300w\" sizes=\"auto, (max-width: 453px) 100vw, 453px\" \/><\/a>Fundacions [2016.10.21]<\/strong><\/span><\/span><\/p>\n<p><span style=\"font-family: verdana, geneva, sans-serif; font-size: 14px;\"><strong>F\u00c0BREGAS, Pere-A. (2016): <em>La cultura tamb\u00e9 \u00e9s social<\/em><\/strong><\/span><\/p>\n<p><span style=\"font-family: verdana, geneva, sans-serif; font-size: 14px;\"><strong>Diari de Tarragona [2016.10.21] Tarragona<\/strong><\/span><\/p>\n<p><span style=\"font-family: verdana, geneva, sans-serif; font-size: 14px;\"><strong><a href=\"https:\/\/fabregaspere.com\/blog2\/wp-content\/uploads\/2017\/07\/2016.10.21.Diari-de-Tarragona.-La-cultura.pdf\" target=\"_blank\" rel=\"noopener\">Descarregar PDF<\/a><\/strong><\/span><\/p>\n","protected":false},"excerpt":{"rendered":"<p>Fundacions [2016.10.21] F\u00c0BREGAS, Pere-A. (2016): La cultura tamb\u00e9 \u00e9s social Diari de Tarragona [2016.10.21] Tarragona Descarregar PDF<\/p>\n","protected":false},"author":3,"featured_media":0,"comment_status":"closed","ping_status":"open","sticky":false,"template":"","format":"aside","meta":{"footnotes":""},"categories":[13,34,138],"tags":[52],"class_list":["post-6385","post","type-post","status-publish","format-aside","hentry","category-10-articulo-prensa","category-05-fundaciones","category-01-catalan","tag-tarragona","post_format-post-format-aside"],"rttpg_featured_image_url":null,"rttpg_author":{"display_name":"Pere-A. F\u00e0bregas","author_link":"https:\/\/fabregaspere.com\/blog2\/author\/fabregaspere2\/"},"rttpg_comment":0,"rttpg_category":"<a href=\"https:\/\/fabregaspere.com\/blog2\/category\/tipos\/10-articulo-prensa\/\" rel=\"category tag\">a10. Art\u00edculo prensa<\/a> <a href=\"https:\/\/fabregaspere.com\/blog2\/category\/temas\/05-fundaciones\/\" rel=\"category tag\">b05. Fundaciones<\/a> <a href=\"https:\/\/fabregaspere.com\/blog2\/category\/idiomas\/01-catalan\/\" rel=\"category tag\">c01. Catal\u00e1n<\/a>","rttpg_excerpt":"Fundacions [2016.10.21] F\u00c0BREGAS, Pere-A. (2016): La cultura tamb\u00e9 \u00e9s social Diari de Tarragona [2016.10.21] Tarragona Descarregar PDF","_links":{"self":[{"href":"https:\/\/fabregaspere.com\/blog2\/wp-json\/wp\/v2\/posts\/6385","targetHints":{"allow":["GET"]}}],"collection":[{"href":"https:\/\/fabregaspere.com\/blog2\/wp-json\/wp\/v2\/posts"}],"about":[{"href":"https:\/\/fabregaspere.com\/blog2\/wp-json\/wp\/v2\/types\/post"}],"author":[{"embeddable":true,"href":"https:\/\/fabregaspere.com\/blog2\/wp-json\/wp\/v2\/users\/3"}],"replies":[{"embeddable":true,"href":"https:\/\/fabregaspere.com\/blog2\/wp-json\/wp\/v2\/comments?post=6385"}],"version-history":[{"count":4,"href":"https:\/\/fabregaspere.com\/blog2\/wp-json\/wp\/v2\/posts\/6385\/revisions"}],"predecessor-version":[{"id":13379,"href":"https:\/\/fabregaspere.com\/blog2\/wp-json\/wp\/v2\/posts\/6385\/revisions\/13379"}],"wp:attachment":[{"href":"https:\/\/fabregaspere.com\/blog2\/wp-json\/wp\/v2\/media?parent=6385"}],"wp:term":[{"taxonomy":"category","embeddable":true,"href":"https:\/\/fabregaspere.com\/blog2\/wp-json\/wp\/v2\/categories?post=6385"},{"taxonomy":"post_tag","embeddable":true,"href":"https:\/\/fabregaspere.com\/blog2\/wp-json\/wp\/v2\/tags?post=6385"}],"curies":[{"name":"wp","href":"https:\/\/api.w.org\/{rel}","templated":true}]}}