{"id":6395,"date":"2016-10-28T17:32:00","date_gmt":"2016-10-28T15:32:00","guid":{"rendered":"http:\/\/fabregaspere.com\/blog2\/?p=6395"},"modified":"2024-08-02T17:06:12","modified_gmt":"2024-08-02T15:06:12","slug":"article-premsa-la-cultura-tambe-es-social-diari-de-girona","status":"publish","type":"post","link":"https:\/\/fabregaspere.com\/blog2\/2016\/10\/28\/article-premsa-la-cultura-tambe-es-social-diari-de-girona\/","title":{"rendered":"[ARTICLE PREMSA] La cultura tamb\u00e9 \u00e9s social [Diari de Girona][2016.10.28]"},"content":{"rendered":"<p><span style=\"text-decoration: underline;\"><span style=\"font-family: verdana, geneva, sans-serif; font-size: 14px;\"><strong><a href=\"https:\/\/fabregaspere.com\/blog2\/wp-content\/uploads\/2017\/07\/2016.10.28.Diari-de-Girona.-La-cultura.jpg\"><img loading=\"lazy\" decoding=\"async\" class=\"aligncenter wp-image-6398 size-full\" src=\"https:\/\/fabregaspere.com\/blog2\/wp-content\/uploads\/2017\/07\/2016.10.28.Diari-de-Girona.-La-cultura.jpg\" alt=\"\" width=\"573\" height=\"357\" srcset=\"https:\/\/fabregaspere.com\/blog2\/wp-content\/uploads\/2017\/07\/2016.10.28.Diari-de-Girona.-La-cultura.jpg 573w, https:\/\/fabregaspere.com\/blog2\/wp-content\/uploads\/2017\/07\/2016.10.28.Diari-de-Girona.-La-cultura-150x93.jpg 150w, https:\/\/fabregaspere.com\/blog2\/wp-content\/uploads\/2017\/07\/2016.10.28.Diari-de-Girona.-La-cultura-300x187.jpg 300w\" sizes=\"auto, (max-width: 573px) 100vw, 573px\" \/><\/a>Fundacions [2016.10.28]<\/strong><\/span><\/span><\/p>\n<p><span style=\"font-family: verdana, geneva, sans-serif; font-size: 14px;\"><strong>F\u00c0BREGAS, Pere-A. (2016): <em>La cultura tamb\u00e9 \u00e9s social<\/em><\/strong><\/span><\/p>\n<p><span style=\"font-family: verdana, geneva, sans-serif; font-size: 14px;\"><strong>Diari de Girona [2016.10.28] Girona<\/strong><\/span><\/p>\n<p><span style=\"font-size: 14px; font-family: verdana, geneva, sans-serif;\"><strong><a href=\"https:\/\/fabregaspere.com\/blog2\/wp-content\/uploads\/2017\/07\/2016.10.28.Diari-de-Girona.La-cultura.pdf\" target=\"_blank\" rel=\"noopener\">Descarregar PDF<\/a><\/strong><\/span><\/p>\n","protected":false},"excerpt":{"rendered":"<p>Fundacions [2016.10.28] F\u00c0BREGAS, Pere-A. (2016): La cultura tamb\u00e9 \u00e9s social Diari de Girona [2016.10.28] Girona Descarregar PDF<\/p>\n","protected":false},"author":3,"featured_media":0,"comment_status":"closed","ping_status":"open","sticky":false,"template":"","format":"aside","meta":{"footnotes":""},"categories":[13,34,138],"tags":[90],"class_list":["post-6395","post","type-post","status-publish","format-aside","hentry","category-10-articulo-prensa","category-05-fundaciones","category-01-catalan","tag-girona","post_format-post-format-aside"],"rttpg_featured_image_url":null,"rttpg_author":{"display_name":"Pere-A. F\u00e0bregas","author_link":"https:\/\/fabregaspere.com\/blog2\/author\/fabregaspere2\/"},"rttpg_comment":0,"rttpg_category":"<a href=\"https:\/\/fabregaspere.com\/blog2\/category\/tipos\/10-articulo-prensa\/\" rel=\"category tag\">a10. Art\u00edculo prensa<\/a> <a href=\"https:\/\/fabregaspere.com\/blog2\/category\/temas\/05-fundaciones\/\" rel=\"category tag\">b05. Fundaciones<\/a> <a href=\"https:\/\/fabregaspere.com\/blog2\/category\/idiomas\/01-catalan\/\" rel=\"category tag\">c01. Catal\u00e1n<\/a>","rttpg_excerpt":"Fundacions [2016.10.28] F\u00c0BREGAS, Pere-A. (2016): La cultura tamb\u00e9 \u00e9s social Diari de Girona [2016.10.28] Girona Descarregar PDF","_links":{"self":[{"href":"https:\/\/fabregaspere.com\/blog2\/wp-json\/wp\/v2\/posts\/6395","targetHints":{"allow":["GET"]}}],"collection":[{"href":"https:\/\/fabregaspere.com\/blog2\/wp-json\/wp\/v2\/posts"}],"about":[{"href":"https:\/\/fabregaspere.com\/blog2\/wp-json\/wp\/v2\/types\/post"}],"author":[{"embeddable":true,"href":"https:\/\/fabregaspere.com\/blog2\/wp-json\/wp\/v2\/users\/3"}],"replies":[{"embeddable":true,"href":"https:\/\/fabregaspere.com\/blog2\/wp-json\/wp\/v2\/comments?post=6395"}],"version-history":[{"count":4,"href":"https:\/\/fabregaspere.com\/blog2\/wp-json\/wp\/v2\/posts\/6395\/revisions"}],"predecessor-version":[{"id":13383,"href":"https:\/\/fabregaspere.com\/blog2\/wp-json\/wp\/v2\/posts\/6395\/revisions\/13383"}],"wp:attachment":[{"href":"https:\/\/fabregaspere.com\/blog2\/wp-json\/wp\/v2\/media?parent=6395"}],"wp:term":[{"taxonomy":"category","embeddable":true,"href":"https:\/\/fabregaspere.com\/blog2\/wp-json\/wp\/v2\/categories?post=6395"},{"taxonomy":"post_tag","embeddable":true,"href":"https:\/\/fabregaspere.com\/blog2\/wp-json\/wp\/v2\/tags?post=6395"}],"curies":[{"name":"wp","href":"https:\/\/api.w.org\/{rel}","templated":true}]}}