{"id":6780,"date":"2015-07-12T01:07:24","date_gmt":"2015-07-11T23:07:24","guid":{"rendered":"http:\/\/fabregaspere.com\/blog2\/?p=6780"},"modified":"2024-08-06T19:20:18","modified_gmt":"2024-08-06T17:20:18","slug":"entrevista-premsa-les-fundacions-catalanes-alerten-que-lentrada-en-vigor-de-la-llei-de-transparencia-satura-de-burocracia-entitats-amb-molta-feina-social-per-fer","status":"publish","type":"post","link":"https:\/\/fabregaspere.com\/blog2\/2015\/07\/12\/entrevista-premsa-les-fundacions-catalanes-alerten-que-lentrada-en-vigor-de-la-llei-de-transparencia-satura-de-burocracia-entitats-amb-molta-feina-social-per-fer\/","title":{"rendered":"[ENTREVISTA PREMSA]Les fundacions alerten que l&#8217;entrada en vigor de la llei de transpar\u00e8ncia satura de burocr\u00e0cia entitats amb molta feina  social per fer [ACN][2015.07.12]"},"content":{"rendered":"<p><span style=\"text-decoration: underline;\"><span style=\"font-family: verdana, geneva, sans-serif; font-size: 14px;\"><strong><a href=\"https:\/\/fabregaspere.com\/blog2\/wp-content\/uploads\/2017\/08\/2015.07.12.ACN_.Entr_.PF_-e1722963789282.jpg\"><img loading=\"lazy\" decoding=\"async\" class=\"aligncenter wp-image-6794 size-full\" src=\"https:\/\/fabregaspere.com\/blog2\/wp-content\/uploads\/2017\/08\/2015.07.12.ACN_.Entr_.PF_-e1722963789282.jpg\" alt=\"\" width=\"480\" height=\"273\" srcset=\"https:\/\/fabregaspere.com\/blog2\/wp-content\/uploads\/2017\/08\/2015.07.12.ACN_.Entr_.PF_-e1722963789282.jpg 480w, https:\/\/fabregaspere.com\/blog2\/wp-content\/uploads\/2017\/08\/2015.07.12.ACN_.Entr_.PF_-e1722963789282-150x85.jpg 150w, https:\/\/fabregaspere.com\/blog2\/wp-content\/uploads\/2017\/08\/2015.07.12.ACN_.Entr_.PF_-e1722963789282-300x171.jpg 300w\" sizes=\"auto, (max-width: 480px) 100vw, 480px\" \/><\/a>Fundacions [2015.07.12]<\/strong><\/span><\/span><\/p>\n<p><span style=\"font-family: verdana, geneva, sans-serif; font-size: 14px;\"><strong>Entrevista amb Pere-A. F\u00e0bregas (2015): <em>Les fundacions alerten que l&#8217;entrada en vigor de la llei de transpar\u00e8ncia satura de burocr\u00e0cia entitats amb molta feina social per fer<\/em><\/strong><\/span><\/p>\n<p><span style=\"font-family: verdana, geneva, sans-serif; font-size: 14px;\"><strong>ACN (12 juliol 2015), 1 p. Barcelona<\/strong><\/span><\/p>\n<p><span style=\"font-family: verdana, geneva, sans-serif; font-size: 14px;\"><strong><a href=\"https:\/\/fabregaspere.com\/blog2\/wp-content\/uploads\/2017\/08\/2015.07.12.ACN_.Entr_.PF_.premsa.pdf\" target=\"_blank\" rel=\"noopener\">Descarregar PDF<\/a><\/strong><\/span><\/p>\n","protected":false},"excerpt":{"rendered":"<p>Fundacions [2015.07.12] Entrevista amb Pere-A. F\u00e0bregas (2015): Les fundacions alerten que l&#8217;entrada en vigor de la llei de transpar\u00e8ncia satura de burocr\u00e0cia entitats amb molta feina social per fer ACN (12 juliol 2015), 1 p. Barcelona Descarregar PDF<\/p>\n","protected":false},"author":3,"featured_media":0,"comment_status":"open","ping_status":"open","sticky":false,"template":"","format":"aside","meta":{"footnotes":""},"categories":[17,34,138],"tags":[50],"class_list":["post-6780","post","type-post","status-publish","format-aside","hentry","category-14-entrevista-prensa","category-05-fundaciones","category-01-catalan","tag-barcelona","post_format-post-format-aside"],"rttpg_featured_image_url":null,"rttpg_author":{"display_name":"Pere-A. F\u00e0bregas","author_link":"https:\/\/fabregaspere.com\/blog2\/author\/fabregaspere2\/"},"rttpg_comment":0,"rttpg_category":"<a href=\"https:\/\/fabregaspere.com\/blog2\/category\/tipos\/14-entrevista-prensa\/\" rel=\"category tag\">a14. Entrevista prensa<\/a> <a href=\"https:\/\/fabregaspere.com\/blog2\/category\/temas\/05-fundaciones\/\" rel=\"category tag\">b05. Fundaciones<\/a> <a href=\"https:\/\/fabregaspere.com\/blog2\/category\/idiomas\/01-catalan\/\" rel=\"category tag\">c01. Catal\u00e1n<\/a>","rttpg_excerpt":"Fundacions [2015.07.12] Entrevista amb Pere-A. F\u00e0bregas (2015): Les fundacions alerten que l&#8217;entrada en vigor de la llei de transpar\u00e8ncia satura de burocr\u00e0cia entitats amb molta feina social per fer ACN (12 juliol 2015), 1 p. Barcelona Descarregar PDF","_links":{"self":[{"href":"https:\/\/fabregaspere.com\/blog2\/wp-json\/wp\/v2\/posts\/6780","targetHints":{"allow":["GET"]}}],"collection":[{"href":"https:\/\/fabregaspere.com\/blog2\/wp-json\/wp\/v2\/posts"}],"about":[{"href":"https:\/\/fabregaspere.com\/blog2\/wp-json\/wp\/v2\/types\/post"}],"author":[{"embeddable":true,"href":"https:\/\/fabregaspere.com\/blog2\/wp-json\/wp\/v2\/users\/3"}],"replies":[{"embeddable":true,"href":"https:\/\/fabregaspere.com\/blog2\/wp-json\/wp\/v2\/comments?post=6780"}],"version-history":[{"count":5,"href":"https:\/\/fabregaspere.com\/blog2\/wp-json\/wp\/v2\/posts\/6780\/revisions"}],"predecessor-version":[{"id":13833,"href":"https:\/\/fabregaspere.com\/blog2\/wp-json\/wp\/v2\/posts\/6780\/revisions\/13833"}],"wp:attachment":[{"href":"https:\/\/fabregaspere.com\/blog2\/wp-json\/wp\/v2\/media?parent=6780"}],"wp:term":[{"taxonomy":"category","embeddable":true,"href":"https:\/\/fabregaspere.com\/blog2\/wp-json\/wp\/v2\/categories?post=6780"},{"taxonomy":"post_tag","embeddable":true,"href":"https:\/\/fabregaspere.com\/blog2\/wp-json\/wp\/v2\/tags?post=6780"}],"curies":[{"name":"wp","href":"https:\/\/api.w.org\/{rel}","templated":true}]}}