{"id":6783,"date":"2015-07-12T02:53:09","date_gmt":"2015-07-12T00:53:09","guid":{"rendered":"http:\/\/fabregaspere.com\/blog2\/?p=6783"},"modified":"2024-08-12T13:48:19","modified_gmt":"2024-08-12T11:48:19","slug":"entrevista-radio-les-fundacions-catalanes-alerten-que-lentrada-en-vigor-de-la-llei-de-transparencia-satura-de-burocracia-entitats-amb-molta-feina-social-per-fer","status":"publish","type":"post","link":"https:\/\/fabregaspere.com\/blog2\/2015\/07\/12\/entrevista-radio-les-fundacions-catalanes-alerten-que-lentrada-en-vigor-de-la-llei-de-transparencia-satura-de-burocracia-entitats-amb-molta-feina-social-per-fer\/","title":{"rendered":"[ENTREVISTA R\u00c0DIO] Les fundacions catalanes alerten que l&#8217;entrada en vigor de la llei de transpar\u00e8ncia satura de burocr\u00e0cia entitats amb molta feina  social per fer [ACN][2015.07.12]"},"content":{"rendered":"<p><span style=\"text-decoration: underline;\"><span style=\"font-family: verdana, geneva, sans-serif; font-size: 14px;\"><strong><a href=\"https:\/\/fabregaspere.com\/blog2\/wp-content\/uploads\/2017\/08\/2015.07.12.ACN_.Entr_.PF_-e1722963789282.jpg\"><img loading=\"lazy\" decoding=\"async\" class=\"aligncenter wp-image-6794 size-full\" src=\"https:\/\/fabregaspere.com\/blog2\/wp-content\/uploads\/2017\/08\/2015.07.12.ACN_.Entr_.PF_-e1722963789282.jpg\" alt=\"\" width=\"480\" height=\"273\" srcset=\"https:\/\/fabregaspere.com\/blog2\/wp-content\/uploads\/2017\/08\/2015.07.12.ACN_.Entr_.PF_-e1722963789282.jpg 480w, https:\/\/fabregaspere.com\/blog2\/wp-content\/uploads\/2017\/08\/2015.07.12.ACN_.Entr_.PF_-e1722963789282-150x85.jpg 150w, https:\/\/fabregaspere.com\/blog2\/wp-content\/uploads\/2017\/08\/2015.07.12.ACN_.Entr_.PF_-e1722963789282-300x171.jpg 300w\" sizes=\"auto, (max-width: 480px) 100vw, 480px\" \/><img loading=\"lazy\" decoding=\"async\" class=\"aligncenter wp-image-14243 size-full\" src=\"https:\/\/fabregaspere.com\/blog2\/wp-content\/uploads\/2015\/07\/LOGO_acn_agencia_catalana_de_noticies_q.jpg\" alt=\"\" width=\"750\" height=\"450\" srcset=\"https:\/\/fabregaspere.com\/blog2\/wp-content\/uploads\/2015\/07\/LOGO_acn_agencia_catalana_de_noticies_q.jpg 750w, https:\/\/fabregaspere.com\/blog2\/wp-content\/uploads\/2015\/07\/LOGO_acn_agencia_catalana_de_noticies_q-300x180.jpg 300w, https:\/\/fabregaspere.com\/blog2\/wp-content\/uploads\/2015\/07\/LOGO_acn_agencia_catalana_de_noticies_q-150x90.jpg 150w\" sizes=\"auto, (max-width: 750px) 100vw, 750px\" \/><\/a>Fundacions [2015.07.12]<\/strong><\/span><\/span><\/p>\n<p><span style=\"font-family: verdana, geneva, sans-serif; font-size: 14px;\"><strong>Entrevista amb Pere-A. F\u00e0bregas (2015): <em>Les fundacions catalanes alerten que l&#8217;entrada en vigor de la llei de transpar\u00e8ncia satura de burocr\u00e0cia entitats amb molta feina social per fer<\/em><\/strong><\/span><\/p>\n<p><span style=\"font-family: verdana, geneva, sans-serif; font-size: 14px;\"><strong>Ag\u00e8ncia Catalana de Not\u00edcies (ACN) (12 juliol 2015) Barcelona<\/strong><\/span><br \/>\n<span style=\"font-family: verdana, geneva, sans-serif; font-size: 14px;\"><strong>Enregistrament: A la Coordinadora Catalana de Fundacions [2015.07.07]<\/strong><\/span><br \/>\n<span style=\"font-family: verdana, geneva, sans-serif; font-size: 14px;\"><strong>Emissio: [2015.07.12]<\/strong><\/span><br \/>\n<span style=\"font-family: verdana, geneva, sans-serif; font-size: 14px;\"><strong>[5 \u00e0udios]<\/strong><\/span><\/p>\n<!--[if lt IE 9]><script>document.createElement('audio');<\/script><![endif]-->\n<audio class=\"wp-audio-shortcode\" id=\"audio-6783-1\" preload=\"none\" style=\"width: 100%;\" controls=\"controls\"><source type=\"audio\/mpeg\" src=\"https:\/\/fabregaspere.com\/blog2\/wp-content\/uploads\/2024\/08\/2015.07.12.ACN_.Entr_.PF_.1.mp3?_=1\" \/><a href=\"https:\/\/fabregaspere.com\/blog2\/wp-content\/uploads\/2024\/08\/2015.07.12.ACN_.Entr_.PF_.1.mp3\">https:\/\/fabregaspere.com\/blog2\/wp-content\/uploads\/2024\/08\/2015.07.12.ACN_.Entr_.PF_.1.mp3<\/a><\/audio>\n<audio class=\"wp-audio-shortcode\" id=\"audio-6783-2\" preload=\"none\" style=\"width: 100%;\" controls=\"controls\"><source type=\"audio\/mpeg\" src=\"https:\/\/fabregaspere.com\/blog2\/wp-content\/uploads\/2024\/08\/2015.07.12.ACN_.Entr_.PF_.2.mp3?_=2\" \/><a href=\"https:\/\/fabregaspere.com\/blog2\/wp-content\/uploads\/2024\/08\/2015.07.12.ACN_.Entr_.PF_.2.mp3\">https:\/\/fabregaspere.com\/blog2\/wp-content\/uploads\/2024\/08\/2015.07.12.ACN_.Entr_.PF_.2.mp3<\/a><\/audio>\n<audio class=\"wp-audio-shortcode\" id=\"audio-6783-3\" preload=\"none\" style=\"width: 100%;\" controls=\"controls\"><source type=\"audio\/mpeg\" src=\"https:\/\/fabregaspere.com\/blog2\/wp-content\/uploads\/2024\/08\/2015.07.12.ACN_.Entr_.PF_.3.mp3?_=3\" \/><a href=\"https:\/\/fabregaspere.com\/blog2\/wp-content\/uploads\/2024\/08\/2015.07.12.ACN_.Entr_.PF_.3.mp3\">https:\/\/fabregaspere.com\/blog2\/wp-content\/uploads\/2024\/08\/2015.07.12.ACN_.Entr_.PF_.3.mp3<\/a><\/audio>\n<audio class=\"wp-audio-shortcode\" id=\"audio-6783-4\" preload=\"none\" style=\"width: 100%;\" controls=\"controls\"><source type=\"audio\/mpeg\" src=\"https:\/\/fabregaspere.com\/blog2\/wp-content\/uploads\/2024\/08\/2015.07.12.ACN_.Entr_.PF_.4.mp3?_=4\" \/><a href=\"https:\/\/fabregaspere.com\/blog2\/wp-content\/uploads\/2024\/08\/2015.07.12.ACN_.Entr_.PF_.4.mp3\">https:\/\/fabregaspere.com\/blog2\/wp-content\/uploads\/2024\/08\/2015.07.12.ACN_.Entr_.PF_.4.mp3<\/a><\/audio>\n<audio class=\"wp-audio-shortcode\" id=\"audio-6783-5\" preload=\"none\" style=\"width: 100%;\" controls=\"controls\"><source type=\"audio\/mpeg\" src=\"https:\/\/fabregaspere.com\/blog2\/wp-content\/uploads\/2024\/08\/2015.07.12.ACN_.Entr_.PF_.5.mp3?_=5\" \/><a href=\"https:\/\/fabregaspere.com\/blog2\/wp-content\/uploads\/2024\/08\/2015.07.12.ACN_.Entr_.PF_.5.mp3\">https:\/\/fabregaspere.com\/blog2\/wp-content\/uploads\/2024\/08\/2015.07.12.ACN_.Entr_.PF_.5.mp3<\/a><\/audio>\n","protected":false},"excerpt":{"rendered":"<p>Fundacions [2015.07.12] Entrevista amb Pere-A. F\u00e0bregas (2015): Les fundacions catalanes alerten que l&#8217;entrada en vigor de la llei de transpar\u00e8ncia satura de burocr\u00e0cia entitats amb molta feina social per fer Ag\u00e8ncia Catalana de Not\u00edcies (ACN) (12 juliol 2015) Barcelona Enregistrament: A la Coordinadora Catalana de Fundacions [2015.07.07] Emissio: [2015.07.12] [5 \u00e0udios]<\/p>\n","protected":false},"author":3,"featured_media":0,"comment_status":"open","ping_status":"open","sticky":false,"template":"","format":"aside","meta":{"footnotes":""},"categories":[18,34,138],"tags":[50],"class_list":["post-6783","post","type-post","status-publish","format-aside","hentry","category-15-entrevista-audio","category-05-fundaciones","category-01-catalan","tag-barcelona","post_format-post-format-aside"],"rttpg_featured_image_url":null,"rttpg_author":{"display_name":"Pere-A. F\u00e0bregas","author_link":"https:\/\/fabregaspere.com\/blog2\/author\/fabregaspere2\/"},"rttpg_comment":0,"rttpg_category":"<a href=\"https:\/\/fabregaspere.com\/blog2\/category\/tipos\/15-entrevista-audio\/\" rel=\"category tag\">a15. Entrevista radio<\/a> <a href=\"https:\/\/fabregaspere.com\/blog2\/category\/temas\/05-fundaciones\/\" rel=\"category tag\">b05. Fundaciones<\/a> <a href=\"https:\/\/fabregaspere.com\/blog2\/category\/idiomas\/01-catalan\/\" rel=\"category tag\">c01. Catal\u00e1n<\/a>","rttpg_excerpt":"Fundacions [2015.07.12] Entrevista amb Pere-A. F\u00e0bregas (2015): Les fundacions catalanes alerten que l&#8217;entrada en vigor de la llei de transpar\u00e8ncia satura de burocr\u00e0cia entitats amb molta feina social per fer Ag\u00e8ncia Catalana de Not\u00edcies (ACN) (12 juliol 2015) Barcelona Enregistrament: A la Coordinadora Catalana de Fundacions [2015.07.07] Emissio: [2015.07.12] [5 \u00e0udios]","_links":{"self":[{"href":"https:\/\/fabregaspere.com\/blog2\/wp-json\/wp\/v2\/posts\/6783","targetHints":{"allow":["GET"]}}],"collection":[{"href":"https:\/\/fabregaspere.com\/blog2\/wp-json\/wp\/v2\/posts"}],"about":[{"href":"https:\/\/fabregaspere.com\/blog2\/wp-json\/wp\/v2\/types\/post"}],"author":[{"embeddable":true,"href":"https:\/\/fabregaspere.com\/blog2\/wp-json\/wp\/v2\/users\/3"}],"replies":[{"embeddable":true,"href":"https:\/\/fabregaspere.com\/blog2\/wp-json\/wp\/v2\/comments?post=6783"}],"version-history":[{"count":6,"href":"https:\/\/fabregaspere.com\/blog2\/wp-json\/wp\/v2\/posts\/6783\/revisions"}],"predecessor-version":[{"id":14246,"href":"https:\/\/fabregaspere.com\/blog2\/wp-json\/wp\/v2\/posts\/6783\/revisions\/14246"}],"wp:attachment":[{"href":"https:\/\/fabregaspere.com\/blog2\/wp-json\/wp\/v2\/media?parent=6783"}],"wp:term":[{"taxonomy":"category","embeddable":true,"href":"https:\/\/fabregaspere.com\/blog2\/wp-json\/wp\/v2\/categories?post=6783"},{"taxonomy":"post_tag","embeddable":true,"href":"https:\/\/fabregaspere.com\/blog2\/wp-json\/wp\/v2\/tags?post=6783"}],"curies":[{"name":"wp","href":"https:\/\/api.w.org\/{rel}","templated":true}]}}