{"id":6872,"date":"2015-08-31T09:59:57","date_gmt":"2015-08-31T07:59:57","guid":{"rendered":"http:\/\/fabregaspere.com\/blog2\/?p=6872"},"modified":"2024-08-20T13:22:00","modified_gmt":"2024-08-20T11:22:00","slug":"investigacio-lesforc-i-la-feina-relat-dalgunes-coses-de-la-meva-familia-i-de-la-meva-existencia","status":"publish","type":"post","link":"https:\/\/fabregaspere.com\/blog2\/2015\/08\/31\/investigacio-lesforc-i-la-feina-relat-dalgunes-coses-de-la-meva-familia-i-de-la-meva-existencia\/","title":{"rendered":"[RECERCA] L&#8217;esfor\u00e7 i la feina. Relat d&#8217;algunes coses de la meva fam\u00edlia i de la meva exist\u00e8ncia [2015.08.31]"},"content":{"rendered":"<p><span style=\"text-decoration: underline;\"><span style=\"font-family: verdana, geneva, sans-serif; font-size: 14px;\"><strong><a href=\"https:\/\/fabregaspere.com\/blog2\/wp-content\/uploads\/2015\/08\/2015.09.11.PF_.jpg\"><img loading=\"lazy\" decoding=\"async\" class=\"alignleft wp-image-14670 size-medium\" src=\"https:\/\/fabregaspere.com\/blog2\/wp-content\/uploads\/2015\/08\/2015.09.11.PF_-222x300.jpg\" alt=\"\" width=\"222\" height=\"300\" srcset=\"https:\/\/fabregaspere.com\/blog2\/wp-content\/uploads\/2015\/08\/2015.09.11.PF_-222x300.jpg 222w, https:\/\/fabregaspere.com\/blog2\/wp-content\/uploads\/2015\/08\/2015.09.11.PF_-111x150.jpg 111w, https:\/\/fabregaspere.com\/blog2\/wp-content\/uploads\/2015\/08\/2015.09.11.PF_.jpg 566w\" sizes=\"auto, (max-width: 222px) 100vw, 222px\" \/><\/a><\/strong><\/span><\/span><\/p>\n<p><span style=\"text-decoration: underline;\"><span style=\"font-family: verdana, geneva, sans-serif; font-size: 14px;\"><strong>Genealogia [2015.08.31]<\/strong><\/span><\/span><\/p>\n<p><span style=\"font-family: verdana, geneva, sans-serif; font-size: 14px;\"><strong>F\u00c0BREGAS, Pere-A. (2015): <em>L&#8217;esfor\u00e7 i la feina. Relat d&#8217;algunes coses de la meva fam\u00edlia i de la meva exist\u00e8ncia<\/em><\/strong><\/span><\/p>\n<p><span style=\"font-family: verdana, geneva, sans-serif; font-size: 14px;\"><strong>Sitges, 104 pp.<\/strong><\/span><\/p>\n<p><span style=\"font-family: verdana, geneva, sans-serif; font-size: 14px;\"><strong><a href=\"https:\/\/fabregaspere.com\/blog2\/wp-content\/uploads\/2015\/08\/2015.09.11.LESFORC-I-LA-FEINA.last_.pdf\" target=\"_blank\" rel=\"noopener\">Descarregar PDF<\/a><\/strong><\/span><\/p>\n<p>&nbsp;<\/p>\n","protected":false},"excerpt":{"rendered":"<p>Genealogia [2015.08.31] F\u00c0BREGAS, Pere-A. (2015): L&#8217;esfor\u00e7 i la feina. Relat d&#8217;algunes coses de la meva fam\u00edlia i de la meva exist\u00e8ncia Sitges, 104 pp. Descarregar PDF &nbsp;<\/p>\n","protected":false},"author":3,"featured_media":0,"comment_status":"open","ping_status":"open","sticky":false,"template":"","format":"aside","meta":{"footnotes":""},"categories":[22,85,138],"tags":[133],"class_list":["post-6872","post","type-post","status-publish","format-aside","hentry","category-19-investigacion","category-13-genealogia","category-01-catalan","tag-sitges","post_format-post-format-aside"],"rttpg_featured_image_url":null,"rttpg_author":{"display_name":"Pere-A. F\u00e0bregas","author_link":"https:\/\/fabregaspere.com\/blog2\/author\/fabregaspere2\/"},"rttpg_comment":0,"rttpg_category":"<a href=\"https:\/\/fabregaspere.com\/blog2\/category\/tipos\/19-investigacion\/\" rel=\"category tag\">a19. Investigaci\u00f3n<\/a> <a href=\"https:\/\/fabregaspere.com\/blog2\/category\/temas\/13-genealogia\/\" rel=\"category tag\">b13. Genealog\u00eda<\/a> <a href=\"https:\/\/fabregaspere.com\/blog2\/category\/idiomas\/01-catalan\/\" rel=\"category tag\">c01. Catal\u00e1n<\/a>","rttpg_excerpt":"Genealogia [2015.08.31] F\u00c0BREGAS, Pere-A. (2015): L&#8217;esfor\u00e7 i la feina. Relat d&#8217;algunes coses de la meva fam\u00edlia i de la meva exist\u00e8ncia Sitges, 104 pp. Descarregar PDF &nbsp;","_links":{"self":[{"href":"https:\/\/fabregaspere.com\/blog2\/wp-json\/wp\/v2\/posts\/6872","targetHints":{"allow":["GET"]}}],"collection":[{"href":"https:\/\/fabregaspere.com\/blog2\/wp-json\/wp\/v2\/posts"}],"about":[{"href":"https:\/\/fabregaspere.com\/blog2\/wp-json\/wp\/v2\/types\/post"}],"author":[{"embeddable":true,"href":"https:\/\/fabregaspere.com\/blog2\/wp-json\/wp\/v2\/users\/3"}],"replies":[{"embeddable":true,"href":"https:\/\/fabregaspere.com\/blog2\/wp-json\/wp\/v2\/comments?post=6872"}],"version-history":[{"count":6,"href":"https:\/\/fabregaspere.com\/blog2\/wp-json\/wp\/v2\/posts\/6872\/revisions"}],"predecessor-version":[{"id":14675,"href":"https:\/\/fabregaspere.com\/blog2\/wp-json\/wp\/v2\/posts\/6872\/revisions\/14675"}],"wp:attachment":[{"href":"https:\/\/fabregaspere.com\/blog2\/wp-json\/wp\/v2\/media?parent=6872"}],"wp:term":[{"taxonomy":"category","embeddable":true,"href":"https:\/\/fabregaspere.com\/blog2\/wp-json\/wp\/v2\/categories?post=6872"},{"taxonomy":"post_tag","embeddable":true,"href":"https:\/\/fabregaspere.com\/blog2\/wp-json\/wp\/v2\/tags?post=6872"}],"curies":[{"name":"wp","href":"https:\/\/api.w.org\/{rel}","templated":true}]}}