{"id":6876,"date":"2017-05-05T16:37:04","date_gmt":"2017-05-05T14:37:04","guid":{"rendered":"http:\/\/fabregaspere.com\/blog2\/?p=6876"},"modified":"2025-09-05T12:23:10","modified_gmt":"2025-09-05T10:23:10","slug":"capitulo-libro-globalizacion-nacionalizacion-y-liberalizacion-de-la-industria-del-gas-en-la-europa-latina-siglos-xix-xxi","status":"publish","type":"post","link":"https:\/\/fabregaspere.com\/blog2\/2017\/05\/05\/capitulo-libro-globalizacion-nacionalizacion-y-liberalizacion-de-la-industria-del-gas-en-la-europa-latina-siglos-xix-xxi\/","title":{"rendered":"[CAP\u00cdTULO LIBRO] La estrategia de la implantaci\u00f3n de la industria del gas en Espa\u00f1a (1826-2010) [2017.05.05]"},"content":{"rendered":"<p><strong><span style=\"text-decoration: underline; font-family: verdana, geneva, sans-serif; font-size: 14px;\">Historia Gas [2017.05.05]<\/span><\/strong><\/p>\n<p><strong><span style=\"font-family: verdana, geneva, sans-serif; font-size: 14px;\">F\u00c0BREGAS, Pere-A. (2017: \u00abLa estrategia de la implantaci\u00f3n de la industria del gas en Espa\u00f1a (1826-2010\u00bb<\/span><\/strong><\/p>\n<p><strong><span style=\"font-family: verdana, geneva, sans-serif; font-size: 14px;\">en Bartolom\u00e9 Rodr\u00edguez, Isabel \/ Fern\u00e1ndez-Paradas, Mercedes \/ Mir\u00e1s Araujo, Jesus (Eds.): <em>Globalizaci\u00f3n, nacionalizaci\u00f3n y liberalizaci\u00f3n de la industria del gas en la Europa Latina (siglos XIX-XXI)<\/em><\/span><\/strong><br \/>\n<strong><span style=\"font-family: verdana, geneva, sans-serif; font-size: 14px;\">Madrid: Marcial Pons, pp. 21\/44<\/span><\/strong><\/p>\n","protected":false},"excerpt":{"rendered":"<p>Historia Gas [2017.05.05] F\u00c0BREGAS, Pere-A. (2017: \u00abLa estrategia de la implantaci\u00f3n de la industria del gas en Espa\u00f1a (1826-2010\u00bb en Bartolom\u00e9 Rodr\u00edguez, Isabel \/ Fern\u00e1ndez-Paradas, Mercedes \/ Mir\u00e1s Araujo, Jesus (Eds.): Globalizaci\u00f3n, nacionalizaci\u00f3n y liberalizaci\u00f3n de la industria del gas en la Europa Latina (siglos XIX-XXI) Madrid: Marcial Pons, pp. 21\/44<\/p>\n","protected":false},"author":3,"featured_media":0,"comment_status":"open","ping_status":"open","sticky":false,"template":"","format":"aside","meta":{"footnotes":""},"categories":[6,33,139],"tags":[47],"class_list":["post-6876","post","type-post","status-publish","format-aside","hentry","category-03-capitulo-libro","category-09-historia-gas","category-02-espanol","tag-madrid","post_format-post-format-aside"],"rttpg_featured_image_url":null,"rttpg_author":{"display_name":"Pere-A. F\u00e0bregas","author_link":"https:\/\/fabregaspere.com\/blog2\/author\/fabregaspere2\/"},"rttpg_comment":0,"rttpg_category":"<a href=\"https:\/\/fabregaspere.com\/blog2\/category\/tipos\/03-capitulo-libro\/\" rel=\"category tag\">a03. Cap\u00edtulo libro<\/a> <a href=\"https:\/\/fabregaspere.com\/blog2\/category\/temas\/09-historia-gas\/\" rel=\"category tag\">b09. Historia Gas<\/a> <a href=\"https:\/\/fabregaspere.com\/blog2\/category\/idiomas\/02-espanol\/\" rel=\"category tag\">c02. Espa\u00f1ol<\/a>","rttpg_excerpt":"Historia Gas [2017.05.05] F\u00c0BREGAS, Pere-A. (2017: \u00abLa estrategia de la implantaci\u00f3n de la industria del gas en Espa\u00f1a (1826-2010\u00bb en Bartolom\u00e9 Rodr\u00edguez, Isabel \/ Fern\u00e1ndez-Paradas, Mercedes \/ Mir\u00e1s Araujo, Jesus (Eds.): Globalizaci\u00f3n, nacionalizaci\u00f3n y liberalizaci\u00f3n de la industria del gas en la Europa Latina (siglos XIX-XXI) Madrid: Marcial Pons, pp. 21\/44","_links":{"self":[{"href":"https:\/\/fabregaspere.com\/blog2\/wp-json\/wp\/v2\/posts\/6876","targetHints":{"allow":["GET"]}}],"collection":[{"href":"https:\/\/fabregaspere.com\/blog2\/wp-json\/wp\/v2\/posts"}],"about":[{"href":"https:\/\/fabregaspere.com\/blog2\/wp-json\/wp\/v2\/types\/post"}],"author":[{"embeddable":true,"href":"https:\/\/fabregaspere.com\/blog2\/wp-json\/wp\/v2\/users\/3"}],"replies":[{"embeddable":true,"href":"https:\/\/fabregaspere.com\/blog2\/wp-json\/wp\/v2\/comments?post=6876"}],"version-history":[{"count":11,"href":"https:\/\/fabregaspere.com\/blog2\/wp-json\/wp\/v2\/posts\/6876\/revisions"}],"predecessor-version":[{"id":16606,"href":"https:\/\/fabregaspere.com\/blog2\/wp-json\/wp\/v2\/posts\/6876\/revisions\/16606"}],"wp:attachment":[{"href":"https:\/\/fabregaspere.com\/blog2\/wp-json\/wp\/v2\/media?parent=6876"}],"wp:term":[{"taxonomy":"category","embeddable":true,"href":"https:\/\/fabregaspere.com\/blog2\/wp-json\/wp\/v2\/categories?post=6876"},{"taxonomy":"post_tag","embeddable":true,"href":"https:\/\/fabregaspere.com\/blog2\/wp-json\/wp\/v2\/tags?post=6876"}],"curies":[{"name":"wp","href":"https:\/\/api.w.org\/{rel}","templated":true}]}}