{"id":7013,"date":"2015-03-04T12:10:41","date_gmt":"2015-03-04T11:10:41","guid":{"rendered":"http:\/\/fabregaspere.com\/blog2\/?p=7013"},"modified":"2025-09-13T17:06:11","modified_gmt":"2025-09-13T15:06:11","slug":"paraules-jornada-sobre-la-nova-llei-212014-del-29-de-desembre-del-protectorat-de-les-fundacions-i-de-verificacio-de-lactivitat-de-les-associacions-declarades-dutilitat-publica-ccf","status":"publish","type":"post","link":"https:\/\/fabregaspere.com\/blog2\/2015\/03\/04\/paraules-jornada-sobre-la-nova-llei-212014-del-29-de-desembre-del-protectorat-de-les-fundacions-i-de-verificacio-de-lactivitat-de-les-associacions-declarades-dutilitat-publica-ccf\/","title":{"rendered":"[PARAULES] Jornada sobre la nova Llei 21\/2014, del 29 de desembre, del protectorat de les fundacions i de verificaci\u00f3 de l&#8217;activitat de les associacions declarades d&#8217;utilitat p\u00fablica [CCF][2015.03.04]"},"content":{"rendered":"<p><a href=\"https:\/\/fabregaspere.com\/blog2\/wp-content\/uploads\/2017\/08\/2015.03.04.CCF_.Jornada-Llei-Protectorat.1.jpg\"><img loading=\"lazy\" decoding=\"async\" class=\"wp-image-7014 size-full\" src=\"https:\/\/fabregaspere.com\/blog2\/wp-content\/uploads\/2017\/08\/2015.03.04.CCF_.Jornada-Llei-Protectorat.1.jpg\" alt=\"\" width=\"4020\" height=\"2948\" srcset=\"https:\/\/fabregaspere.com\/blog2\/wp-content\/uploads\/2017\/08\/2015.03.04.CCF_.Jornada-Llei-Protectorat.1.jpg 4020w, https:\/\/fabregaspere.com\/blog2\/wp-content\/uploads\/2017\/08\/2015.03.04.CCF_.Jornada-Llei-Protectorat.1-150x110.jpg 150w, https:\/\/fabregaspere.com\/blog2\/wp-content\/uploads\/2017\/08\/2015.03.04.CCF_.Jornada-Llei-Protectorat.1-300x220.jpg 300w, https:\/\/fabregaspere.com\/blog2\/wp-content\/uploads\/2017\/08\/2015.03.04.CCF_.Jornada-Llei-Protectorat.1-768x563.jpg 768w, https:\/\/fabregaspere.com\/blog2\/wp-content\/uploads\/2017\/08\/2015.03.04.CCF_.Jornada-Llei-Protectorat.1-1024x751.jpg 1024w\" sizes=\"auto, (max-width: 4020px) 100vw, 4020px\" \/><\/a><\/p>\n<p><span style=\"text-decoration: underline;\"><span style=\"font-family: verdana, geneva, sans-serif; font-size: 14px;\"><strong>Fundacions [2015.03.04]<\/strong><\/span><\/span><\/p>\n<p><span style=\"font-family: verdana, geneva, sans-serif; font-size: 14px;\"><strong>F\u00c0BREGAS, Pere-A. (2015): <em>Jornada sobre la nova Llei 21\/2014, del 29 de desembre, del protectorat de les fundacions i de verificaci\u00f3 de l&#8217;activitat de les associacions declarades d&#8217;utilitat p\u00fablica<\/em> <\/strong><\/span><\/p>\n<p><span style=\"font-family: verdana, geneva, sans-serif; font-size: 14px;\"><strong>[inauguraci\u00f3]<\/strong><\/span><\/p>\n<p><span style=\"font-family: verdana, geneva, sans-serif; font-size: 14px;\"><strong>Coordinadora Catalana de Fundacions <\/strong><\/span><br \/>\n<span style=\"font-family: verdana, geneva, sans-serif; font-size: 14px;\"><strong>Barcelona: CCF, Cercle d&#8217;Economia<\/strong><\/span><\/p>\n<p><span style=\"font-family: verdana, geneva, sans-serif; font-size: 14px;\"><strong><a href=\"https:\/\/fabregaspere.com\/blog2\/wp-content\/uploads\/2017\/08\/2015.03.04.CCF_.Llei-Protectorat.pdf\" target=\"_blank\" rel=\"noopener\">PDF. Programa<\/a><\/strong><\/span><br \/>\n<span style=\"font-family: verdana, geneva, sans-serif; font-size: 14px;\"><strong><a href=\"https:\/\/fabregaspere.com\/blog2\/wp-content\/uploads\/2017\/08\/2015.03.04.CCF_.Jornada-Llei-Protectorat.NP_.pdf\" target=\"_blank\" rel=\"noopener\">PDF. Nota Premsa<\/a><\/strong><\/span><\/p>\n<p><a href=\"https:\/\/fabregaspere.com\/blog2\/wp-content\/uploads\/2017\/08\/2015.03.04.CCF_.Jornada-Llei-Protectorat.2.jpg\"><img loading=\"lazy\" decoding=\"async\" class=\"wp-image-7015 size-full\" src=\"https:\/\/fabregaspere.com\/blog2\/wp-content\/uploads\/2017\/08\/2015.03.04.CCF_.Jornada-Llei-Protectorat.2.jpg\" alt=\"\" width=\"3907\" height=\"2571\" srcset=\"https:\/\/fabregaspere.com\/blog2\/wp-content\/uploads\/2017\/08\/2015.03.04.CCF_.Jornada-Llei-Protectorat.2.jpg 3907w, https:\/\/fabregaspere.com\/blog2\/wp-content\/uploads\/2017\/08\/2015.03.04.CCF_.Jornada-Llei-Protectorat.2-150x99.jpg 150w, https:\/\/fabregaspere.com\/blog2\/wp-content\/uploads\/2017\/08\/2015.03.04.CCF_.Jornada-Llei-Protectorat.2-300x197.jpg 300w, https:\/\/fabregaspere.com\/blog2\/wp-content\/uploads\/2017\/08\/2015.03.04.CCF_.Jornada-Llei-Protectorat.2-768x505.jpg 768w, https:\/\/fabregaspere.com\/blog2\/wp-content\/uploads\/2017\/08\/2015.03.04.CCF_.Jornada-Llei-Protectorat.2-1024x674.jpg 1024w\" sizes=\"auto, (max-width: 3907px) 100vw, 3907px\" \/><\/a><\/p>\n","protected":false},"excerpt":{"rendered":"<p>Fundacions [2015.03.04] F\u00c0BREGAS, Pere-A. (2015): Jornada sobre la nova Llei 21\/2014, del 29 de desembre, del protectorat de les fundacions i de verificaci\u00f3 de l&#8217;activitat de les associacions declarades d&#8217;utilitat p\u00fablica [inauguraci\u00f3] Coordinadora Catalana de Fundacions Barcelona: CCF, Cercle d&#8217;Economia PDF. Programa PDF. Nota Premsa<\/p>\n","protected":false},"author":3,"featured_media":0,"comment_status":"open","ping_status":"open","sticky":false,"template":"","format":"aside","meta":{"footnotes":""},"categories":[134,34,138],"tags":[50],"class_list":["post-7013","post","type-post","status-publish","format-aside","hentry","category-60-palabras","category-05-fundaciones","category-01-catalan","tag-barcelona","post_format-post-format-aside"],"rttpg_featured_image_url":null,"rttpg_author":{"display_name":"Pere-A. F\u00e0bregas","author_link":"https:\/\/fabregaspere.com\/blog2\/author\/fabregaspere2\/"},"rttpg_comment":0,"rttpg_category":"<a href=\"https:\/\/fabregaspere.com\/blog2\/category\/tipos\/60-palabras\/\" rel=\"category tag\">a60. Palabras<\/a> <a href=\"https:\/\/fabregaspere.com\/blog2\/category\/temas\/05-fundaciones\/\" rel=\"category tag\">b05. Fundaciones<\/a> <a href=\"https:\/\/fabregaspere.com\/blog2\/category\/idiomas\/01-catalan\/\" rel=\"category tag\">c01. Catal\u00e1n<\/a>","rttpg_excerpt":"Fundacions [2015.03.04] F\u00c0BREGAS, Pere-A. (2015): Jornada sobre la nova Llei 21\/2014, del 29 de desembre, del protectorat de les fundacions i de verificaci\u00f3 de l&#8217;activitat de les associacions declarades d&#8217;utilitat p\u00fablica [inauguraci\u00f3] Coordinadora Catalana de Fundacions Barcelona: CCF, Cercle d&#8217;Economia PDF. Programa PDF. Nota Premsa","_links":{"self":[{"href":"https:\/\/fabregaspere.com\/blog2\/wp-json\/wp\/v2\/posts\/7013","targetHints":{"allow":["GET"]}}],"collection":[{"href":"https:\/\/fabregaspere.com\/blog2\/wp-json\/wp\/v2\/posts"}],"about":[{"href":"https:\/\/fabregaspere.com\/blog2\/wp-json\/wp\/v2\/types\/post"}],"author":[{"embeddable":true,"href":"https:\/\/fabregaspere.com\/blog2\/wp-json\/wp\/v2\/users\/3"}],"replies":[{"embeddable":true,"href":"https:\/\/fabregaspere.com\/blog2\/wp-json\/wp\/v2\/comments?post=7013"}],"version-history":[{"count":9,"href":"https:\/\/fabregaspere.com\/blog2\/wp-json\/wp\/v2\/posts\/7013\/revisions"}],"predecessor-version":[{"id":14928,"href":"https:\/\/fabregaspere.com\/blog2\/wp-json\/wp\/v2\/posts\/7013\/revisions\/14928"}],"wp:attachment":[{"href":"https:\/\/fabregaspere.com\/blog2\/wp-json\/wp\/v2\/media?parent=7013"}],"wp:term":[{"taxonomy":"category","embeddable":true,"href":"https:\/\/fabregaspere.com\/blog2\/wp-json\/wp\/v2\/categories?post=7013"},{"taxonomy":"post_tag","embeddable":true,"href":"https:\/\/fabregaspere.com\/blog2\/wp-json\/wp\/v2\/tags?post=7013"}],"curies":[{"name":"wp","href":"https:\/\/api.w.org\/{rel}","templated":true}]}}