{"id":7065,"date":"2015-05-06T10:03:45","date_gmt":"2015-05-06T08:03:45","guid":{"rendered":"http:\/\/fabregaspere.com\/blog2\/?p=7065"},"modified":"2025-09-18T13:14:08","modified_gmt":"2025-09-18T11:14:08","slug":"paraules-i-reunio-de-fundacions-de-tecnologia-i-recerca-de-la-coordinadora-catalana-de-fundacions","status":"publish","type":"post","link":"https:\/\/fabregaspere.com\/blog2\/2015\/05\/06\/paraules-i-reunio-de-fundacions-de-tecnologia-i-recerca-de-la-coordinadora-catalana-de-fundacions\/","title":{"rendered":"[PARAULES ] I Reuni\u00f3 de Fundacions de Tecnologia i Recerca de la Coordinadora Catalana de Fundacions [CCF][2015.05.06]"},"content":{"rendered":"<p><span style=\"text-decoration: underline;\"><strong><span style=\"font-family: verdana, geneva, sans-serif; font-size: 14px;\">Fundacions [2015.05.06]<\/span><\/strong><\/span><\/p>\n<p><strong><span style=\"font-family: verdana, geneva, sans-serif; font-size: 14px;\">F\u00c0BREGAS, Pere-A. (2015): <em>I Reuni\u00f3 de Fundacions de Tecnologia i Recerca de la Coordinadora Catalana de Fundacions<\/em><\/span><\/strong><\/p>\n<p><strong><span style=\"font-family: verdana, geneva, sans-serif; font-size: 14px;\">[inauguraci\u00f3] amb Antoni Castell\u00e0 (Secretari d&#8217;Universitats i Recerca, Generalitat de Catalunya)<\/span><\/strong><\/p>\n<p><strong><span style=\"font-family: verdana, geneva, sans-serif; font-size: 14px;\">I Reuni\u00f3 de Fundacions de Tecnologia i Recerca<\/span><\/strong><br \/>\n<strong><span style=\"font-family: verdana, geneva, sans-serif; font-size: 14px;\">Coordinadora Catalana de Fundacions<\/span><\/strong><br \/>\n<strong><span style=\"font-family: verdana, geneva, sans-serif; font-size: 14px;\">Barcelona: CCF, Cercle d&#8217;Economia<\/span><\/strong><\/p>\n","protected":false},"excerpt":{"rendered":"<p>Fundacions [2015.05.06] F\u00c0BREGAS, Pere-A. (2015): I Reuni\u00f3 de Fundacions de Tecnologia i Recerca de la Coordinadora Catalana de Fundacions [inauguraci\u00f3] amb Antoni Castell\u00e0 (Secretari d&#8217;Universitats i Recerca, Generalitat de Catalunya) I Reuni\u00f3 de Fundacions de Tecnologia i Recerca Coordinadora Catalana de Fundacions Barcelona: CCF, Cercle d&#8217;Economia<\/p>\n","protected":false},"author":3,"featured_media":7066,"comment_status":"open","ping_status":"open","sticky":false,"template":"","format":"aside","meta":{"footnotes":""},"categories":[134,34,138],"tags":[50],"class_list":["post-7065","post","type-post","status-publish","format-aside","has-post-thumbnail","hentry","category-60-palabras","category-05-fundaciones","category-01-catalan","tag-barcelona","post_format-post-format-aside"],"rttpg_featured_image_url":{"full":["https:\/\/fabregaspere.com\/blog2\/wp-content\/uploads\/2017\/08\/2015.05.06.CCF_.Jornada-Com.Recerca.I.1.jpg",3872,2592,false],"landscape":["https:\/\/fabregaspere.com\/blog2\/wp-content\/uploads\/2017\/08\/2015.05.06.CCF_.Jornada-Com.Recerca.I.1.jpg",3872,2592,false],"portraits":["https:\/\/fabregaspere.com\/blog2\/wp-content\/uploads\/2017\/08\/2015.05.06.CCF_.Jornada-Com.Recerca.I.1.jpg",3872,2592,false],"thumbnail":["https:\/\/fabregaspere.com\/blog2\/wp-content\/uploads\/2017\/08\/2015.05.06.CCF_.Jornada-Com.Recerca.I.1-150x100.jpg",150,100,true],"medium":["https:\/\/fabregaspere.com\/blog2\/wp-content\/uploads\/2017\/08\/2015.05.06.CCF_.Jornada-Com.Recerca.I.1-300x201.jpg",300,201,true],"large":["https:\/\/fabregaspere.com\/blog2\/wp-content\/uploads\/2017\/08\/2015.05.06.CCF_.Jornada-Com.Recerca.I.1-1024x685.jpg",474,317,true],"1536x1536":["https:\/\/fabregaspere.com\/blog2\/wp-content\/uploads\/2017\/08\/2015.05.06.CCF_.Jornada-Com.Recerca.I.1.jpg",1536,1028,false],"2048x2048":["https:\/\/fabregaspere.com\/blog2\/wp-content\/uploads\/2017\/08\/2015.05.06.CCF_.Jornada-Com.Recerca.I.1.jpg",2048,1371,false],"post-thumbnail":["https:\/\/fabregaspere.com\/blog2\/wp-content\/uploads\/2017\/08\/2015.05.06.CCF_.Jornada-Com.Recerca.I.1-672x372.jpg",672,372,true],"twentyfourteen-full-width":["https:\/\/fabregaspere.com\/blog2\/wp-content\/uploads\/2017\/08\/2015.05.06.CCF_.Jornada-Com.Recerca.I.1-1038x576.jpg",1038,576,true]},"rttpg_author":{"display_name":"Pere-A. F\u00e0bregas","author_link":"https:\/\/fabregaspere.com\/blog2\/author\/fabregaspere2\/"},"rttpg_comment":0,"rttpg_category":"<a href=\"https:\/\/fabregaspere.com\/blog2\/category\/tipos\/60-palabras\/\" rel=\"category tag\">a60. Palabras<\/a> <a href=\"https:\/\/fabregaspere.com\/blog2\/category\/temas\/05-fundaciones\/\" rel=\"category tag\">b05. Fundaciones<\/a> <a href=\"https:\/\/fabregaspere.com\/blog2\/category\/idiomas\/01-catalan\/\" rel=\"category tag\">c01. Catal\u00e1n<\/a>","rttpg_excerpt":"Fundacions [2015.05.06] F\u00c0BREGAS, Pere-A. (2015): I Reuni\u00f3 de Fundacions de Tecnologia i Recerca de la Coordinadora Catalana de Fundacions [inauguraci\u00f3] amb Antoni Castell\u00e0 (Secretari d&#8217;Universitats i Recerca, Generalitat de Catalunya) I Reuni\u00f3 de Fundacions de Tecnologia i Recerca Coordinadora Catalana de Fundacions Barcelona: CCF, Cercle d&#8217;Economia","_links":{"self":[{"href":"https:\/\/fabregaspere.com\/blog2\/wp-json\/wp\/v2\/posts\/7065","targetHints":{"allow":["GET"]}}],"collection":[{"href":"https:\/\/fabregaspere.com\/blog2\/wp-json\/wp\/v2\/posts"}],"about":[{"href":"https:\/\/fabregaspere.com\/blog2\/wp-json\/wp\/v2\/types\/post"}],"author":[{"embeddable":true,"href":"https:\/\/fabregaspere.com\/blog2\/wp-json\/wp\/v2\/users\/3"}],"replies":[{"embeddable":true,"href":"https:\/\/fabregaspere.com\/blog2\/wp-json\/wp\/v2\/comments?post=7065"}],"version-history":[{"count":5,"href":"https:\/\/fabregaspere.com\/blog2\/wp-json\/wp\/v2\/posts\/7065\/revisions"}],"predecessor-version":[{"id":16984,"href":"https:\/\/fabregaspere.com\/blog2\/wp-json\/wp\/v2\/posts\/7065\/revisions\/16984"}],"wp:featuredmedia":[{"embeddable":true,"href":"https:\/\/fabregaspere.com\/blog2\/wp-json\/wp\/v2\/media\/7066"}],"wp:attachment":[{"href":"https:\/\/fabregaspere.com\/blog2\/wp-json\/wp\/v2\/media?parent=7065"}],"wp:term":[{"taxonomy":"category","embeddable":true,"href":"https:\/\/fabregaspere.com\/blog2\/wp-json\/wp\/v2\/categories?post=7065"},{"taxonomy":"post_tag","embeddable":true,"href":"https:\/\/fabregaspere.com\/blog2\/wp-json\/wp\/v2\/tags?post=7065"}],"curies":[{"name":"wp","href":"https:\/\/api.w.org\/{rel}","templated":true}]}}