{"id":7121,"date":"2011-03-31T11:09:29","date_gmt":"2011-03-31T09:09:29","guid":{"rendered":"http:\/\/fabregaspere.com\/blog2\/?p=7121"},"modified":"2025-09-11T13:59:17","modified_gmt":"2025-09-11T11:59:17","slug":"ressenya-llibre-du-gaz-en-france-a-gaz-de-france-deux-siecles-de-culture-gaziere-rhi","status":"publish","type":"post","link":"https:\/\/fabregaspere.com\/blog2\/2011\/03\/31\/ressenya-llibre-du-gaz-en-france-a-gaz-de-france-deux-siecles-de-culture-gaziere-rhi\/","title":{"rendered":"[RESE\u00d1A LIBRO]  Du gaz en France \u00e0 Gaz de France, deux si\u00e8cles de culture gazi\u00e8re [2011.03.01]"},"content":{"rendered":"<p><span style=\"text-decoration: underline; font-family: arial, helvetica, sans-serif;\"><strong>Historia Gas [2011.03.01]<\/strong><\/span><\/p>\n<p><span style=\"font-family: arial, helvetica, sans-serif;\"><strong>F\u00c0BREGAS, Pere-A. (2011): \u00abAlain BELTRAN y Jean-Pierre WILLIOT, Du gaz en France \u00e0 Gaz de France, deux si\u00e8cles de culture gazi\u00e8re, Le Cherche Midi, Par\u00eds, 2009, 232 pp.\u00bb<\/strong><\/span><\/p>\n<p><span style=\"font-family: arial, helvetica, sans-serif;\"><strong>en <em>Revista de Historia Industrial<\/em>, n. 45 (marzo 2011), pp.177\/180<\/strong><\/span><\/p>\n","protected":false},"excerpt":{"rendered":"<p>Historia Gas [2011.03.01] F\u00c0BREGAS, Pere-A. (2011): \u00abAlain BELTRAN y Jean-Pierre WILLIOT, Du gaz en France \u00e0 Gaz de France, deux si\u00e8cles de culture gazi\u00e8re, Le Cherche Midi, Par\u00eds, 2009, 232 pp.\u00bb en Revista de Historia Industrial, n. 45 (marzo 2011), pp.177\/180<\/p>\n","protected":false},"author":3,"featured_media":0,"comment_status":"open","ping_status":"open","sticky":false,"template":"","format":"aside","meta":{"footnotes":""},"categories":[149,33,139],"tags":[50],"class_list":["post-7121","post","type-post","status-publish","format-aside","hentry","category-26-resena-libro","category-09-historia-gas","category-02-espanol","tag-barcelona","post_format-post-format-aside"],"rttpg_featured_image_url":null,"rttpg_author":{"display_name":"Pere-A. F\u00e0bregas","author_link":"https:\/\/fabregaspere.com\/blog2\/author\/fabregaspere2\/"},"rttpg_comment":0,"rttpg_category":"<a href=\"https:\/\/fabregaspere.com\/blog2\/category\/tipos\/26-resena-libro\/\" rel=\"category tag\">a26. Rese\u00f1a libro<\/a> <a href=\"https:\/\/fabregaspere.com\/blog2\/category\/temas\/09-historia-gas\/\" rel=\"category tag\">b09. Historia Gas<\/a> <a href=\"https:\/\/fabregaspere.com\/blog2\/category\/idiomas\/02-espanol\/\" rel=\"category tag\">c02. Espa\u00f1ol<\/a>","rttpg_excerpt":"Historia Gas [2011.03.01] F\u00c0BREGAS, Pere-A. (2011): \u00abAlain BELTRAN y Jean-Pierre WILLIOT, Du gaz en France \u00e0 Gaz de France, deux si\u00e8cles de culture gazi\u00e8re, Le Cherche Midi, Par\u00eds, 2009, 232 pp.\u00bb en Revista de Historia Industrial, n. 45 (marzo 2011), pp.177\/180","_links":{"self":[{"href":"https:\/\/fabregaspere.com\/blog2\/wp-json\/wp\/v2\/posts\/7121","targetHints":{"allow":["GET"]}}],"collection":[{"href":"https:\/\/fabregaspere.com\/blog2\/wp-json\/wp\/v2\/posts"}],"about":[{"href":"https:\/\/fabregaspere.com\/blog2\/wp-json\/wp\/v2\/types\/post"}],"author":[{"embeddable":true,"href":"https:\/\/fabregaspere.com\/blog2\/wp-json\/wp\/v2\/users\/3"}],"replies":[{"embeddable":true,"href":"https:\/\/fabregaspere.com\/blog2\/wp-json\/wp\/v2\/comments?post=7121"}],"version-history":[{"count":4,"href":"https:\/\/fabregaspere.com\/blog2\/wp-json\/wp\/v2\/posts\/7121\/revisions"}],"predecessor-version":[{"id":16899,"href":"https:\/\/fabregaspere.com\/blog2\/wp-json\/wp\/v2\/posts\/7121\/revisions\/16899"}],"wp:attachment":[{"href":"https:\/\/fabregaspere.com\/blog2\/wp-json\/wp\/v2\/media?parent=7121"}],"wp:term":[{"taxonomy":"category","embeddable":true,"href":"https:\/\/fabregaspere.com\/blog2\/wp-json\/wp\/v2\/categories?post=7121"},{"taxonomy":"post_tag","embeddable":true,"href":"https:\/\/fabregaspere.com\/blog2\/wp-json\/wp\/v2\/tags?post=7121"}],"curies":[{"name":"wp","href":"https:\/\/api.w.org\/{rel}","templated":true}]}}