{"id":804,"date":"1983-05-18T14:51:35","date_gmt":"1983-05-18T12:51:35","guid":{"rendered":"http:\/\/fabregaspere.com\/blog2\/?p=804"},"modified":"2024-07-17T09:26:36","modified_gmt":"2024-07-17T07:26:36","slug":"publicaciones-aplicacion-de-la-teoria-financiera-a-la-determinacion-de-las-tarifas-de-los-servicios-publicos-2","status":"publish","type":"post","link":"https:\/\/fabregaspere.com\/blog2\/1983\/05\/18\/publicaciones-aplicacion-de-la-teoria-financiera-a-la-determinacion-de-las-tarifas-de-los-servicios-publicos-2\/","title":{"rendered":"[PONENCIA] Aplicaci\u00f3n de la teor\u00eda financiera a la determinaci\u00f3n de las tarifas de los servicios p\u00fablicos [1983.05.18]"},"content":{"rendered":"<p><span style=\"font-family: arial, helvetica, sans-serif; font-size: 12pt;\"><strong><span style=\"text-decoration: underline;\"><strong><a href=\"https:\/\/fabregaspere.com\/blog2\/wp-content\/uploads\/2014\/09\/1983.05.18.Aplicacion-de-la-teoria-financiera-a-la-determinacion-de-las-tarifas.jpg\"><img loading=\"lazy\" decoding=\"async\" class=\"alignleft wp-image-637 size-medium\" src=\"https:\/\/fabregaspere.com\/blog2\/wp-content\/uploads\/2014\/09\/1983.05.18.Aplicacion-de-la-teoria-financiera-a-la-determinacion-de-las-tarifas-213x300.jpg\" alt=\"\" width=\"218\" height=\"307\" srcset=\"https:\/\/fabregaspere.com\/blog2\/wp-content\/uploads\/2014\/09\/1983.05.18.Aplicacion-de-la-teoria-financiera-a-la-determinacion-de-las-tarifas-213x300.jpg 213w, https:\/\/fabregaspere.com\/blog2\/wp-content\/uploads\/2014\/09\/1983.05.18.Aplicacion-de-la-teoria-financiera-a-la-determinacion-de-las-tarifas.jpg 415w\" sizes=\"auto, (max-width: 218px) 100vw, 218px\" \/><\/a><\/strong><\/span><\/strong><\/span><span style=\"font-family: verdana, geneva, sans-serif; font-size: 14px;\"><strong><span style=\"text-decoration: underline;\">Finanzas [1983.05.18]<\/span><\/strong><\/span><\/p>\n<p><span style=\"font-family: verdana, geneva, sans-serif; font-size: 14px;\"><strong>F\u00c0BREGAS, Pere-A. (1983): <em>Aplicaci\u00f3n de la teor\u00eda financiera a la determinaci\u00f3n de las tarifas de los servicios p\u00fablicos<\/em><\/strong><\/span><\/p>\n<p><span style=\"font-family: verdana, geneva, sans-serif; font-size: 14px;\"><strong>IX Asamblea T\u00e9cnica de Gas<\/strong><\/span><\/p>\n<p><span style=\"font-family: verdana, geneva, sans-serif; font-size: 14px;\"><strong>SEDIGAS, Barcelona, nd p.<\/strong><\/span><\/p>\n<p><span style=\"font-family: verdana, geneva, sans-serif; font-size: 14px;\"><strong><a href=\"https:\/\/fabregaspere.com\/blog2\/wp-content\/uploads\/2014\/09\/1983.05.18.Aplicacion-de-la-teoria-financiera-a-la-determinacion-de-las-tarifas.pdf\" target=\"_blank\" rel=\"noopener\">Descargar PDF<\/a><\/strong><\/span><b><br \/>\n<\/b><\/p>\n","protected":false},"excerpt":{"rendered":"<p>Finanzas [1983.05.18] F\u00c0BREGAS, Pere-A. (1983): Aplicaci\u00f3n de la teor\u00eda financiera a la determinaci\u00f3n de las tarifas de los servicios p\u00fablicos IX Asamblea T\u00e9cnica de Gas SEDIGAS, Barcelona, nd p. Descargar PDF<\/p>\n","protected":false},"author":3,"featured_media":0,"comment_status":"closed","ping_status":"open","sticky":false,"template":"","format":"aside","meta":{"footnotes":""},"categories":[20,32,139],"tags":[50],"class_list":["post-804","post","type-post","status-publish","format-aside","hentry","category-17-ponencia","category-22-finanzas","category-02-espanol","tag-barcelona","post_format-post-format-aside"],"rttpg_featured_image_url":null,"rttpg_author":{"display_name":"Pere-A. F\u00e0bregas","author_link":"https:\/\/fabregaspere.com\/blog2\/author\/fabregaspere2\/"},"rttpg_comment":0,"rttpg_category":"<a href=\"https:\/\/fabregaspere.com\/blog2\/category\/tipos\/17-ponencia\/\" rel=\"category tag\">a17. Ponencia<\/a> <a href=\"https:\/\/fabregaspere.com\/blog2\/category\/temas\/22-finanzas\/\" rel=\"category tag\">b22. Finanzas<\/a> <a href=\"https:\/\/fabregaspere.com\/blog2\/category\/idiomas\/02-espanol\/\" rel=\"category tag\">c02. Espa\u00f1ol<\/a>","rttpg_excerpt":"Finanzas [1983.05.18] F\u00c0BREGAS, Pere-A. (1983): Aplicaci\u00f3n de la teor\u00eda financiera a la determinaci\u00f3n de las tarifas de los servicios p\u00fablicos IX Asamblea T\u00e9cnica de Gas SEDIGAS, Barcelona, nd p. Descargar PDF","_links":{"self":[{"href":"https:\/\/fabregaspere.com\/blog2\/wp-json\/wp\/v2\/posts\/804","targetHints":{"allow":["GET"]}}],"collection":[{"href":"https:\/\/fabregaspere.com\/blog2\/wp-json\/wp\/v2\/posts"}],"about":[{"href":"https:\/\/fabregaspere.com\/blog2\/wp-json\/wp\/v2\/types\/post"}],"author":[{"embeddable":true,"href":"https:\/\/fabregaspere.com\/blog2\/wp-json\/wp\/v2\/users\/3"}],"replies":[{"embeddable":true,"href":"https:\/\/fabregaspere.com\/blog2\/wp-json\/wp\/v2\/comments?post=804"}],"version-history":[{"count":6,"href":"https:\/\/fabregaspere.com\/blog2\/wp-json\/wp\/v2\/posts\/804\/revisions"}],"predecessor-version":[{"id":12030,"href":"https:\/\/fabregaspere.com\/blog2\/wp-json\/wp\/v2\/posts\/804\/revisions\/12030"}],"wp:attachment":[{"href":"https:\/\/fabregaspere.com\/blog2\/wp-json\/wp\/v2\/media?parent=804"}],"wp:term":[{"taxonomy":"category","embeddable":true,"href":"https:\/\/fabregaspere.com\/blog2\/wp-json\/wp\/v2\/categories?post=804"},{"taxonomy":"post_tag","embeddable":true,"href":"https:\/\/fabregaspere.com\/blog2\/wp-json\/wp\/v2\/tags?post=804"}],"curies":[{"name":"wp","href":"https:\/\/api.w.org\/{rel}","templated":true}]}}