{"id":8250,"date":"2018-11-20T11:42:57","date_gmt":"2018-11-20T10:42:57","guid":{"rendered":"http:\/\/fabregaspere.com\/blog2\/?p=8250"},"modified":"2025-09-15T10:24:16","modified_gmt":"2025-09-15T08:24:16","slug":"paraules-jornada-dialegs-entre-cientifics-i-gestors-a-les-fundacions-de-recerca","status":"publish","type":"post","link":"https:\/\/fabregaspere.com\/blog2\/2018\/11\/20\/paraules-jornada-dialegs-entre-cientifics-i-gestors-a-les-fundacions-de-recerca\/","title":{"rendered":"[PARAULES]  Jornada Di\u00e0legs entre cient\u00edfics i gestors a les fundacions de recerca [CCF] [2018.11.20]"},"content":{"rendered":"<p><img decoding=\"async\" src=\"https:\/\/fabregaspere.com\/blog2\/wp-content\/uploads\/2020\/09\/2019.11.20.Jornada-Di%C3%A0legs-cient%C3%ADfics-i-gestors.taula-rodona-1024x575.png\" \/><\/p>\n<p><span style=\"text-decoration: underline;\"><span style=\"font-family: verdana, geneva, sans-serif; font-size: 14px;\"><strong>Fundacions [2018.11.20]<\/strong><\/span><\/span><\/p>\n<p><span style=\"font-family: verdana, geneva, sans-serif; font-size: 14px;\"><strong>F\u00c0BREGAS, Pere-A. (2018): <em>Jornada Di\u00e0legs entre cient\u00edfics i gestors a les fundacions de recerca<\/em><\/strong><\/span><\/p>\n<p><span style=\"font-family: verdana, geneva, sans-serif; font-size: 14px;\"><strong>[inauguracio] amb Joan G\u00f3mez (director general de Recerca de la Generalitat de Catalunya)<\/strong><\/span><\/p>\n<p><span style=\"font-family: verdana, geneva, sans-serif; font-size: 14px;\"><strong>[cloenda] [cloenda] amb Andreu Mas-Colell (UPF, BIST)<\/strong><\/span><\/p>\n<p><span style=\"font-family: verdana, geneva, sans-serif; font-size: 14px;\"><strong>Coordinadora Catalana de Fundacions<\/strong><\/span><\/p>\n<p><span style=\"font-family: verdana, geneva, sans-serif; font-size: 14px;\"><strong>Sant Pau Recinte Moderniste, Sala Francesc Camb\u00f3<\/strong><\/span><br \/>\n<span style=\"font-family: verdana, geneva, sans-serif; font-size: 14px;\"><strong>Barcelona<\/strong><\/span><\/p>\n","protected":false},"excerpt":{"rendered":"<p>Fundacions [2018.11.20] F\u00c0BREGAS, Pere-A. (2018): Jornada Di\u00e0legs entre cient\u00edfics i gestors a les fundacions de recerca [inauguracio] amb Joan G\u00f3mez (director general de Recerca de la Generalitat de Catalunya) [cloenda] [cloenda] amb Andreu Mas-Colell (UPF, BIST) Coordinadora Catalana de Fundacions Sant Pau Recinte Moderniste, Sala Francesc Camb\u00f3 Barcelona<\/p>\n","protected":false},"author":3,"featured_media":0,"comment_status":"open","ping_status":"open","sticky":false,"template":"","format":"aside","meta":{"footnotes":""},"categories":[134,34,138],"tags":[50],"class_list":["post-8250","post","type-post","status-publish","format-aside","hentry","category-60-palabras","category-05-fundaciones","category-01-catalan","tag-barcelona","post_format-post-format-aside"],"rttpg_featured_image_url":null,"rttpg_author":{"display_name":"Pere-A. F\u00e0bregas","author_link":"https:\/\/fabregaspere.com\/blog2\/author\/fabregaspere2\/"},"rttpg_comment":0,"rttpg_category":"<a href=\"https:\/\/fabregaspere.com\/blog2\/category\/tipos\/60-palabras\/\" rel=\"category tag\">a60. Palabras<\/a> <a href=\"https:\/\/fabregaspere.com\/blog2\/category\/temas\/05-fundaciones\/\" rel=\"category tag\">b05. Fundaciones<\/a> <a href=\"https:\/\/fabregaspere.com\/blog2\/category\/idiomas\/01-catalan\/\" rel=\"category tag\">c01. Catal\u00e1n<\/a>","rttpg_excerpt":"Fundacions [2018.11.20] F\u00c0BREGAS, Pere-A. (2018): Jornada Di\u00e0legs entre cient\u00edfics i gestors a les fundacions de recerca [inauguracio] amb Joan G\u00f3mez (director general de Recerca de la Generalitat de Catalunya) [cloenda] [cloenda] amb Andreu Mas-Colell (UPF, BIST) Coordinadora Catalana de Fundacions Sant Pau Recinte Moderniste, Sala Francesc Camb\u00f3 Barcelona","_links":{"self":[{"href":"https:\/\/fabregaspere.com\/blog2\/wp-json\/wp\/v2\/posts\/8250","targetHints":{"allow":["GET"]}}],"collection":[{"href":"https:\/\/fabregaspere.com\/blog2\/wp-json\/wp\/v2\/posts"}],"about":[{"href":"https:\/\/fabregaspere.com\/blog2\/wp-json\/wp\/v2\/types\/post"}],"author":[{"embeddable":true,"href":"https:\/\/fabregaspere.com\/blog2\/wp-json\/wp\/v2\/users\/3"}],"replies":[{"embeddable":true,"href":"https:\/\/fabregaspere.com\/blog2\/wp-json\/wp\/v2\/comments?post=8250"}],"version-history":[{"count":4,"href":"https:\/\/fabregaspere.com\/blog2\/wp-json\/wp\/v2\/posts\/8250\/revisions"}],"predecessor-version":[{"id":16982,"href":"https:\/\/fabregaspere.com\/blog2\/wp-json\/wp\/v2\/posts\/8250\/revisions\/16982"}],"wp:attachment":[{"href":"https:\/\/fabregaspere.com\/blog2\/wp-json\/wp\/v2\/media?parent=8250"}],"wp:term":[{"taxonomy":"category","embeddable":true,"href":"https:\/\/fabregaspere.com\/blog2\/wp-json\/wp\/v2\/categories?post=8250"},{"taxonomy":"post_tag","embeddable":true,"href":"https:\/\/fabregaspere.com\/blog2\/wp-json\/wp\/v2\/tags?post=8250"}],"curies":[{"name":"wp","href":"https:\/\/api.w.org\/{rel}","templated":true}]}}