{"id":832,"date":"1987-12-16T17:11:48","date_gmt":"1987-12-16T16:11:48","guid":{"rendered":"http:\/\/fabregaspere.com\/blog2\/?p=832"},"modified":"2025-12-11T12:26:50","modified_gmt":"2025-12-11T11:26:50","slug":"publicaciones-analisis-economico-financiero-de-la-empresa-espanola","status":"publish","type":"post","link":"https:\/\/fabregaspere.com\/blog2\/1987\/12\/16\/publicaciones-analisis-economico-financiero-de-la-empresa-espanola\/","title":{"rendered":"[PONENCIA] An\u00e1lisis Econ\u00f3mico-Financiero de la Empresa Espa\u00f1ola [1987.12.16]"},"content":{"rendered":"<p><span style=\"text-decoration: underline;\"><strong><a href=\"https:\/\/fabregaspere.com\/blog2\/wp-content\/uploads\/2024\/07\/1987.12.16.Analisis-Economico-Financiero-de-la-Empresa-Espanola.jpg\"><img loading=\"lazy\" decoding=\"async\" class=\"alignleft wp-image-11631 size-medium\" src=\"https:\/\/fabregaspere.com\/blog2\/wp-content\/uploads\/2024\/07\/1987.12.16.Analisis-Economico-Financiero-de-la-Empresa-Espanola-212x300.jpg\" alt=\"\" width=\"218\" height=\"308\" srcset=\"https:\/\/fabregaspere.com\/blog2\/wp-content\/uploads\/2024\/07\/1987.12.16.Analisis-Economico-Financiero-de-la-Empresa-Espanola-212x300.jpg 212w, https:\/\/fabregaspere.com\/blog2\/wp-content\/uploads\/2024\/07\/1987.12.16.Analisis-Economico-Financiero-de-la-Empresa-Espanola-106x150.jpg 106w, https:\/\/fabregaspere.com\/blog2\/wp-content\/uploads\/2024\/07\/1987.12.16.Analisis-Economico-Financiero-de-la-Empresa-Espanola.jpg 415w\" sizes=\"auto, (max-width: 218px) 100vw, 218px\" \/><\/a><span style=\"font-family: verdana, geneva, sans-serif; font-size: 14px;\">Finanzas [1987.12.16]<\/span><\/strong><\/span><\/p>\n<p><span style=\"font-family: verdana, geneva, sans-serif; font-size: 14px;\"><strong>F\u00c0BREGAS, Pere-A. (1987): <em>An\u00e1lisis Econ\u00f3mico-Financiero de la Empresa Espa\u00f1ola<\/em><\/strong><\/span><\/p>\n<p><span style=\"font-family: verdana, geneva, sans-serif; font-size: 14px;\"><strong>Presentaci\u00f3n del An\u00e1lisis Econ\u00f3mico-Financiero de la Empresa Espa\u00f1ola<\/strong><\/span><\/p>\n<p><span style=\"font-family: verdana, geneva, sans-serif; font-size: 14px;\"><strong>Banco de Espa\u00f1a y APD, Barcelona, 3 pp.<\/strong><\/span><\/p>\n<p><span style=\"font-family: verdana, geneva, sans-serif; font-size: 14px;\"><strong><a href=\"https:\/\/fabregaspere.com\/blog2\/wp-content\/uploads\/2024\/07\/1987.12.16.Analisis-Economico-Financiero-de-la-Empresa-Espanola.pdf\" target=\"_blank\" rel=\"noopener\">Descargar PDF<\/a><\/strong><\/span><\/p>\n","protected":false},"excerpt":{"rendered":"<p>Finanzas [1987.12.16] F\u00c0BREGAS, Pere-A. (1987): An\u00e1lisis Econ\u00f3mico-Financiero de la Empresa Espa\u00f1ola Presentaci\u00f3n del An\u00e1lisis Econ\u00f3mico-Financiero de la Empresa Espa\u00f1ola Banco de Espa\u00f1a y APD, Barcelona, 3 pp. Descargar PDF<\/p>\n","protected":false},"author":3,"featured_media":0,"comment_status":"closed","ping_status":"open","sticky":false,"template":"","format":"aside","meta":{"footnotes":""},"categories":[20,32,139],"tags":[50],"class_list":["post-832","post","type-post","status-publish","format-aside","hentry","category-17-ponencia","category-22-finanzas","category-02-espanol","tag-barcelona","post_format-post-format-aside"],"rttpg_featured_image_url":null,"rttpg_author":{"display_name":"Pere-A. F\u00e0bregas","author_link":"https:\/\/fabregaspere.com\/blog2\/author\/fabregaspere2\/"},"rttpg_comment":0,"rttpg_category":"<a href=\"https:\/\/fabregaspere.com\/blog2\/category\/tipos\/17-ponencia\/\" rel=\"category tag\">a17. Ponencia<\/a> <a href=\"https:\/\/fabregaspere.com\/blog2\/category\/temas\/22-finanzas\/\" rel=\"category tag\">b22. Finanzas<\/a> <a href=\"https:\/\/fabregaspere.com\/blog2\/category\/idiomas\/02-espanol\/\" rel=\"category tag\">c02. Espa\u00f1ol<\/a>","rttpg_excerpt":"Finanzas [1987.12.16] F\u00c0BREGAS, Pere-A. (1987): An\u00e1lisis Econ\u00f3mico-Financiero de la Empresa Espa\u00f1ola Presentaci\u00f3n del An\u00e1lisis Econ\u00f3mico-Financiero de la Empresa Espa\u00f1ola Banco de Espa\u00f1a y APD, Barcelona, 3 pp. Descargar PDF","_links":{"self":[{"href":"https:\/\/fabregaspere.com\/blog2\/wp-json\/wp\/v2\/posts\/832","targetHints":{"allow":["GET"]}}],"collection":[{"href":"https:\/\/fabregaspere.com\/blog2\/wp-json\/wp\/v2\/posts"}],"about":[{"href":"https:\/\/fabregaspere.com\/blog2\/wp-json\/wp\/v2\/types\/post"}],"author":[{"embeddable":true,"href":"https:\/\/fabregaspere.com\/blog2\/wp-json\/wp\/v2\/users\/3"}],"replies":[{"embeddable":true,"href":"https:\/\/fabregaspere.com\/blog2\/wp-json\/wp\/v2\/comments?post=832"}],"version-history":[{"count":7,"href":"https:\/\/fabregaspere.com\/blog2\/wp-json\/wp\/v2\/posts\/832\/revisions"}],"predecessor-version":[{"id":17501,"href":"https:\/\/fabregaspere.com\/blog2\/wp-json\/wp\/v2\/posts\/832\/revisions\/17501"}],"wp:attachment":[{"href":"https:\/\/fabregaspere.com\/blog2\/wp-json\/wp\/v2\/media?parent=832"}],"wp:term":[{"taxonomy":"category","embeddable":true,"href":"https:\/\/fabregaspere.com\/blog2\/wp-json\/wp\/v2\/categories?post=832"},{"taxonomy":"post_tag","embeddable":true,"href":"https:\/\/fabregaspere.com\/blog2\/wp-json\/wp\/v2\/tags?post=832"}],"curies":[{"name":"wp","href":"https:\/\/api.w.org\/{rel}","templated":true}]}}