{"id":835,"date":"1988-05-06T01:14:48","date_gmt":"1988-05-05T23:14:48","guid":{"rendered":"http:\/\/fabregaspere.com\/blog2\/?p=835"},"modified":"2024-07-17T11:00:32","modified_gmt":"2024-07-17T09:00:32","slug":"publicaciones-la-reforma-del-mercado-de-valores-punto-de-vista-de-las-empresas-cotizadas","status":"publish","type":"post","link":"https:\/\/fabregaspere.com\/blog2\/1988\/05\/06\/publicaciones-la-reforma-del-mercado-de-valores-punto-de-vista-de-las-empresas-cotizadas\/","title":{"rendered":"[PONENCIA] La Reforma del Mercado de Valores: Punto de vista de las Empresas Cotizadas [1988.05.06]"},"content":{"rendered":"<p><span style=\"font-family: arial, helvetica, sans-serif; font-size: 12pt;\"><strong><span style=\"text-decoration: underline;\"><a href=\"https:\/\/fabregaspere.com\/blog2\/wp-content\/uploads\/2014\/09\/1988.05.06.La-reforma-del-mercado-de-valores.jpg\"><img loading=\"lazy\" decoding=\"async\" class=\"alignleft wp-image-659 size-medium\" src=\"https:\/\/fabregaspere.com\/blog2\/wp-content\/uploads\/2014\/09\/1988.05.06.La-reforma-del-mercado-de-valores-212x300.jpg\" alt=\"\" width=\"218\" height=\"308\" srcset=\"https:\/\/fabregaspere.com\/blog2\/wp-content\/uploads\/2014\/09\/1988.05.06.La-reforma-del-mercado-de-valores-212x300.jpg 212w, https:\/\/fabregaspere.com\/blog2\/wp-content\/uploads\/2014\/09\/1988.05.06.La-reforma-del-mercado-de-valores.jpg 415w\" sizes=\"auto, (max-width: 218px) 100vw, 218px\" \/><\/a><\/span><span style=\"text-decoration: underline; font-family: verdana, geneva, sans-serif; font-size: 14px;\">Finanzas [1988.05.06]<\/span><\/strong><\/span><\/p>\n<p><span style=\"font-family: verdana, geneva, sans-serif; font-size: 14px;\"><strong>F\u00c0BREGAS, Pere-A. (1988): <em>La Reforma del Mercado de Valores: Punto de vista de las Empresas Cotizadas<\/em><\/strong><\/span><\/p>\n<p><span style=\"font-family: verdana, geneva, sans-serif; font-size: 14px;\"><strong>La Reforma del Mercado de Valores<\/strong><\/span><\/p>\n<p style=\"padding-left: 240px;\"><span style=\"font-family: verdana, geneva, sans-serif; font-size: 14px;\"><strong>Bolsa de Barcelona, C\u00edrculo Financiero, Colegio de Economistas de Catalu\u00f1a, Delegaci\u00f3n Catalana del Instituto Espa\u00f1ol de Analistas de Inversiones, Barcelona, 1 p.<\/strong><\/span><\/p>\n<p style=\"padding-left: 240px;\"><span style=\"font-family: verdana, geneva, sans-serif; font-size: 14px;\"><strong>[Resumen\u00a0 ponencia]<\/strong><\/span><\/p>\n<p style=\"padding-left: 240px;\"><span style=\"font-family: verdana, geneva, sans-serif; font-size: 14px;\"><strong><a href=\"https:\/\/fabregaspere.com\/blog2\/wp-content\/uploads\/2014\/09\/1988.05.06.La-reforma-del-mercado-de-valores.pdf\" target=\"_blank\" rel=\"noopener\">Descargar PDF<\/a><\/strong><\/span><\/p>\n","protected":false},"excerpt":{"rendered":"<p>Finanzas [1988.05.06] F\u00c0BREGAS, Pere-A. (1988): La Reforma del Mercado de Valores: Punto de vista de las Empresas Cotizadas La Reforma del Mercado de Valores Bolsa de Barcelona, C\u00edrculo Financiero, Colegio de Economistas de Catalu\u00f1a, Delegaci\u00f3n Catalana del Instituto Espa\u00f1ol de Analistas de Inversiones, Barcelona, 1 p. [Resumen\u00a0 ponencia] Descargar PDF<\/p>\n","protected":false},"author":3,"featured_media":0,"comment_status":"closed","ping_status":"open","sticky":false,"template":"","format":"aside","meta":{"footnotes":""},"categories":[20,32,139],"tags":[50],"class_list":["post-835","post","type-post","status-publish","format-aside","hentry","category-17-ponencia","category-22-finanzas","category-02-espanol","tag-barcelona","post_format-post-format-aside"],"rttpg_featured_image_url":null,"rttpg_author":{"display_name":"Pere-A. F\u00e0bregas","author_link":"https:\/\/fabregaspere.com\/blog2\/author\/fabregaspere2\/"},"rttpg_comment":0,"rttpg_category":"<a href=\"https:\/\/fabregaspere.com\/blog2\/category\/tipos\/17-ponencia\/\" rel=\"category tag\">a17. Ponencia<\/a> <a href=\"https:\/\/fabregaspere.com\/blog2\/category\/temas\/22-finanzas\/\" rel=\"category tag\">b22. Finanzas<\/a> <a href=\"https:\/\/fabregaspere.com\/blog2\/category\/idiomas\/02-espanol\/\" rel=\"category tag\">c02. Espa\u00f1ol<\/a>","rttpg_excerpt":"Finanzas [1988.05.06] F\u00c0BREGAS, Pere-A. (1988): La Reforma del Mercado de Valores: Punto de vista de las Empresas Cotizadas La Reforma del Mercado de Valores Bolsa de Barcelona, C\u00edrculo Financiero, Colegio de Economistas de Catalu\u00f1a, Delegaci\u00f3n Catalana del Instituto Espa\u00f1ol de Analistas de Inversiones, Barcelona, 1 p. [Resumen\u00a0 ponencia] Descargar PDF","_links":{"self":[{"href":"https:\/\/fabregaspere.com\/blog2\/wp-json\/wp\/v2\/posts\/835","targetHints":{"allow":["GET"]}}],"collection":[{"href":"https:\/\/fabregaspere.com\/blog2\/wp-json\/wp\/v2\/posts"}],"about":[{"href":"https:\/\/fabregaspere.com\/blog2\/wp-json\/wp\/v2\/types\/post"}],"author":[{"embeddable":true,"href":"https:\/\/fabregaspere.com\/blog2\/wp-json\/wp\/v2\/users\/3"}],"replies":[{"embeddable":true,"href":"https:\/\/fabregaspere.com\/blog2\/wp-json\/wp\/v2\/comments?post=835"}],"version-history":[{"count":7,"href":"https:\/\/fabregaspere.com\/blog2\/wp-json\/wp\/v2\/posts\/835\/revisions"}],"predecessor-version":[{"id":12051,"href":"https:\/\/fabregaspere.com\/blog2\/wp-json\/wp\/v2\/posts\/835\/revisions\/12051"}],"wp:attachment":[{"href":"https:\/\/fabregaspere.com\/blog2\/wp-json\/wp\/v2\/media?parent=835"}],"wp:term":[{"taxonomy":"category","embeddable":true,"href":"https:\/\/fabregaspere.com\/blog2\/wp-json\/wp\/v2\/categories?post=835"},{"taxonomy":"post_tag","embeddable":true,"href":"https:\/\/fabregaspere.com\/blog2\/wp-json\/wp\/v2\/tags?post=835"}],"curies":[{"name":"wp","href":"https:\/\/api.w.org\/{rel}","templated":true}]}}